{"id":6656,"date":"2009-07-27T14:57:19","date_gmt":"2009-07-27T14:57:19","guid":{"rendered":"http:\/\/www.redenoticia.com.br\/noticia\/?p=6656"},"modified":"2009-07-28T01:34:59","modified_gmt":"2009-07-28T01:34:59","slug":"sedam-rondonia-leva-atendimento-a-sao-felipe","status":"publish","type":"post","link":"https:\/\/migracao.redenoticia.com.br\/noticia\/2009\/sedam-rondonia-leva-atendimento-a-sao-felipe\/6656","title":{"rendered":"Sedam Rond\u00f4nia leva atendimento \u00e0 S\u00e3o Felipe"},"content":{"rendered":"<p>A Secretaria de Estado do Desenvolvimento Ambiental (Sedam Rond\u00f4nia), realizou na manh\u00e3 de sexta-feira (24) mais uma etapa da Sedam itinerante. A a\u00e7\u00e3o aconteceu na quadra coberta da Escola Estadual Felipe Camar\u00e3o, de S\u00e3o Felipe, contando com um p\u00fablico de mais de 100 produtores rurais. O objetivo da Sedam itinerante \u00e9 atender a popula\u00e7\u00e3o com servi\u00e7os essenciais, palestras e reuni\u00f5es, gerando a intera\u00e7\u00e3o com a comunidade, esclarecendo d\u00favidas sobre os servi\u00e7os oferecidos pelo Governo de Rond\u00f4nia, pertinentes ao meio ambiente.<\/p>\n<p>Durante a reuni\u00e3o de trabalho, a Sedam anunciou em primeira m\u00e3o, mais um servi\u00e7o que, a partir de agora, ser\u00e1 oferecido pelo \u00f3rg\u00e3o, \u00e9 o Cadastro Ambiental Rural. Com o documento, todas as propriedades rurais ser\u00e3o cadastradas ambientalmente antecedendo o processo de Licenciamento Ambiental da Propriedade, cumprindo com o que estabelece a Resolu\u00e7\u00e3o do Conselho Monet\u00e1rio Nacional.<\/p>\n<p>Ao anunciar mais essa conquista ambiental, o secret\u00e1rio da Sedam, Cletho Muniz de Brito, disse que o Cadastro vai possibilitar que as propriedades cadastradas tenham acesso aos financiamentos pelas redes banc\u00e1rias. Na ocasi\u00e3o, Brito falou ainda sobre as a\u00e7\u00f5es que a Sedam vem fazendo para combater as queimadas em Rond\u00f4nia. \u201c\u00c9 importante que haja o empenho de todos para numa jun\u00e7\u00e3o de esfor\u00e7os acabarmos com as queimadas\u201d, disse o secret\u00e1rio.<\/p>\n<p>O licenciamento ambiental foi outro assunto que mais prendeu a aten\u00e7\u00e3o do p\u00fablico. O t\u00e9cnico da Sedam, Valdir Harmatiuk, esclareceu d\u00favidas sobre os procedimentos para o produtor se licenciar junto ao \u00f3rg\u00e3o. Os produtores rurais tamb\u00e9m manifestaram o interesse em recuperar as margens dos rios, as informa\u00e7\u00f5es foram prestadas pela coordenadora do Programa Estadual de Recupera\u00e7\u00e3o de Mata Ciliar do Estado, K\u00e1tia Regina Casula, que falou o tipo de vegeta\u00e7\u00e3o adequada\u00a0 para cada regi\u00e3o, al\u00e9m de colocar o programa a disposi\u00e7\u00e3o para ajudar os propriet\u00e1rios de terras.<\/p>\n<p>O encontro contou com a presen\u00e7a do corpo t\u00e9cnico da Sedam, de vereadores do munic\u00edpio de S\u00e3o Felipe e de representantes da Associa\u00e7\u00e3o dos Produtores Rurais do munic\u00edpio.<\/p>\n<p>\u00a0<\/p>\n<p>Fonte: A\/I SEDAM &#8211; Secretaria de Desenvolvimento Ambiental<\/p>\n","protected":false},"excerpt":{"rendered":"<p>A Secretaria de Estado do Desenvolvimento Ambiental (Sedam Rond\u00f4nia), realizou na manh\u00e3 de sexta-feira (24) mais uma etapa da Sedam itinerante. A a\u00e7\u00e3o aconteceu na quadra coberta da Escola Estadual Felipe Camar\u00e3o, de S\u00e3o Felipe, contando com um p\u00fablico de mais de 100 produtores rurais. O objetivo da Sedam itinerante \u00e9 atender a popula\u00e7\u00e3o com [&hellip;]<\/p>\n","protected":false},"author":2,"featured_media":0,"comment_status":"open","ping_status":"open","sticky":false,"template":"","format":"standard","meta":{"tdm_status":"","tdm_grid_status":"","footnotes":""},"categories":[22],"tags":[],"class_list":{"0":"post-6656","1":"post","2":"type-post","3":"status-publish","4":"format-standard","6":"category-brasil"},"_links":{"self":[{"href":"https:\/\/migracao.redenoticia.com.br\/noticia\/wp-json\/wp\/v2\/posts\/6656","targetHints":{"allow":["GET"]}}],"collection":[{"href":"https:\/\/migracao.redenoticia.com.br\/noticia\/wp-json\/wp\/v2\/posts"}],"about":[{"href":"https:\/\/migracao.redenoticia.com.br\/noticia\/wp-json\/wp\/v2\/types\/post"}],"author":[{"embeddable":true,"href":"https:\/\/migracao.redenoticia.com.br\/noticia\/wp-json\/wp\/v2\/users\/2"}],"replies":[{"embeddable":true,"href":"https:\/\/migracao.redenoticia.com.br\/noticia\/wp-json\/wp\/v2\/comments?post=6656"}],"version-history":[{"count":0,"href":"https:\/\/migracao.redenoticia.com.br\/noticia\/wp-json\/wp\/v2\/posts\/6656\/revisions"}],"wp:attachment":[{"href":"https:\/\/migracao.redenoticia.com.br\/noticia\/wp-json\/wp\/v2\/media?parent=6656"}],"wp:term":[{"taxonomy":"category","embeddable":true,"href":"https:\/\/migracao.redenoticia.com.br\/noticia\/wp-json\/wp\/v2\/categories?post=6656"},{"taxonomy":"post_tag","embeddable":true,"href":"https:\/\/migracao.redenoticia.com.br\/noticia\/wp-json\/wp\/v2\/tags?post=6656"}],"curies":[{"name":"wp","href":"https:\/\/api.w.org\/{rel}","templated":true}]}}