{"id":66589,"date":"2015-03-09T14:46:52","date_gmt":"2015-03-09T17:46:52","guid":{"rendered":"http:\/\/www.redenoticia.com.br\/noticia\/?p=66589"},"modified":"2015-03-12T00:55:58","modified_gmt":"2015-03-12T03:55:58","slug":"novela-maria-esperanca-elenco-e-personagens","status":"publish","type":"post","link":"https:\/\/migracao.redenoticia.com.br\/noticia\/2015\/novela-maria-esperanca-elenco-e-personagens\/66589","title":{"rendered":"Novela &#8220;Maria Esperan\u00e7a&#8221;: elenco e personagens"},"content":{"rendered":"<p><a href=\"https:\/\/migracao.redenoticia.com.br\/noticia\/imagens\/maria_esperanca_sbt_novela_resumo.jpg\"><img loading=\"lazy\" decoding=\"async\" class=\"alignleft size-medium wp-image-66590\" src=\"https:\/\/migracao.redenoticia.com.br\/noticia\/imagens\/maria_esperanca_sbt_novela_resumo-187x187.jpg\" alt=\"maria_esperanca_sbt_novela_resumo\" width=\"187\" height=\"187\" srcset=\"https:\/\/migracao.redenoticia.com.br\/noticia\/imagens\/maria_esperanca_sbt_novela_resumo-187x187.jpg 187w, https:\/\/migracao.redenoticia.com.br\/noticia\/imagens\/maria_esperanca_sbt_novela_resumo.jpg 300w, https:\/\/migracao.redenoticia.com.br\/noticia\/imagens\/maria_esperanca_sbt_novela_resumo-150x150.jpg 150w, https:\/\/migracao.redenoticia.com.br\/noticia\/imagens\/maria_esperanca_sbt_novela_resumo-110x110.jpg 110w, https:\/\/migracao.redenoticia.com.br\/noticia\/imagens\/maria_esperanca_sbt_novela_resumo-50x50.jpg 50w\" sizes=\"auto, (max-width: 187px) 100vw, 187px\" \/><\/a>Novela <strong><em>&#8220;Maria Esperan\u00e7a&#8221;<\/em><\/strong>: a <strong><em>novela do SBT\u00a0<\/em><\/strong>ser\u00e1 reexibida a partir de 9 de mar\u00e7o de 2015, substituindo Esmeralda, \u00e0s 15h30, e conta a hist\u00f3ria de Maria, uma jovem que sustenta sozinha a fam\u00edlia, vendendo flores e bilhetes de loteria pelas ruas. Abandonada pela m\u00e3e ainda quando crian\u00e7a, ela vive com o pai, Ramiro, um alco\u00f3latra que nunca teve como sustentar os filhos, e os irm\u00e3os: Guilherme, jovem revoltado e problem\u00e1tico, Isabel, adolescente f\u00fatil e ambiciosa, e Andr\u00e9, um ador\u00e1vel garoto de princ\u00edpios, no fundo o \u00fanico que valoriza a luta de Maria para manter a fam\u00edlia unida. Sua m\u00e3e, Maria Helena, deixou os filhos por uma vida melhor nos Estados Unidos. No pa\u00eds, ela reconstruiu sua vida e teve mais um filho.<\/p>\n<p>Elenco e personagens<\/p>\n<p>Maria Esperan\u00e7a (B\u00e1rbara Paz) &#8211; Trabalha desde a inf\u00e2ncia nas ruas da cidade, vendendo bilhetes de loteria e flores para sustentar a fam\u00edlia. Inesperadamente viver\u00e1 um grande amor.<\/p>\n<p>Eduardo Trajano Queiroz (Ricardo Ramory) &#8211; Estudante de p\u00f3s-gradua\u00e7\u00e3o em Arquitetura, sofre um grande abalo no in\u00edcio da novela, com a morte da noiva. Tem uma m\u00e3e m\u00e1 e possessiva.<\/p>\n<p>Malvina Trajano Queiroz (T\u00e2nia Bondezan) &#8211; M\u00e3e de Eduardo. Tirana, \u00e9 desprovida de escr\u00fapulos e faz qualquer coisa para ter o que deseja.<\/p>\n<p>Santiago Trajano Queiroz (Nico Puig) &#8211; Sobrinho de Malvina, primo de Eduardo. Milion\u00e1rio, \u00e9 v\u00edtima de uma doen\u00e7a incur\u00e1vel. Apesar de todo o dinheiro que possui, nunca foi completamente feliz.<\/p>\n<p>Beatriz Trajano Queiroz (Vanessa Goulart) &#8211; Irm\u00e3 de Eduardo. Tenta defender o que acha certo e justo, mas \u00e9 muitas vezes influenciada pela m\u00e3e autorit\u00e1ria.<\/p>\n<p>Ramiro Hurtado (Walter Breda) &#8211; Pai de Maria Esperan\u00e7a. Filho de imigrantes espanh\u00f3is, sempre foi um sonhador rom\u00e2ntico. Alco\u00f3latra, nunca foi feliz em seus planos.<\/p>\n<p>Guilherme Muniz (Daniel Morozetti) &#8211; Irm\u00e3o de Maria Esperan\u00e7a. Jovem revoltado e de temperamento agressivo. Leva uma vida obscura.<\/p>\n<p>Isabel Muniz Hurtado (Greta Antoine) &#8211; Irm\u00e3 de Maria Esperan\u00e7a. Adolescente problem\u00e1tica, que se deixa levar por ambi\u00e7\u00e3o exagerada e pelo apego \u00e0 futilidade.<\/p>\n<p>Andr\u00e9 Muniz Hurtado (Rafael Chagas) &#8211; Irm\u00e3o ca\u00e7ula de Maria Esperan\u00e7a. \u00c9 esperto, afetuoso e bom car\u00e1ter. Por outro lado, \u00e9 agressivo quando insultam sua fam\u00edlia.<\/p>\n<p>\u00c2ngela Figueiredo &#8211; Maria Helena Muniz Cavalcanti<br \/>\nFabiana Alvarez &#8211; Renata Albuquerque<br \/>\nGi\u00e1como Pinotti &#8211; Rodolfo Cavalcanti<br \/>\nRafael Paiva &#8211; Teodoro &#8220;T\u00e9o&#8221;<br \/>\nManoelita Lustosa &#8211; Filomena &#8220;Fil\u00f3&#8221; Beiju<br \/>\nClarisse Abujamra &#8211; Rosa Canales<br \/>\nRog\u00e9rio M\u00e1rcico &#8211; Ot\u00e1vio Camargo<br \/>\nB\u00e1rbara Bruno &#8211; Eug\u00eania Albuquerque<br \/>\nErnando Tiago &#8211; Aur\u00e9lio Vasconcelos<br \/>\nC\u00e9sar Pezzuoli &#8211; Dr. Alberto Medeiros<br \/>\nSuzana Abranches &#8211; Augusta &#8220;Guta&#8221;<br \/>\nMarcelo V\u00e1rzea &#8211; Giovanni &#8220;Gigio&#8221; Lucarelli<br \/>\nD\u00e9bora Gomez &#8211; Camila de Jesus<br \/>\nMariana Dubois &#8211; Sofia Canales<br \/>\nLiza Vieira &#8211; Ta\u00eds<br \/>\nFernando Neves &#8211; Argemiro Mascarenhas (Bafo)<br \/>\nPablo Rodrigues &#8211; Francisco Oliveira dos Santos (Chico S\u00f3)<br \/>\nNorton Nascimento &#8211; Bento de Jesus<br \/>\nMaria C\u00e9lia Camargo &#8211; Dona Concei\u00e7\u00e3o<br \/>\nMaur\u00edcio Agrella &#8211; Gabriel Soares<br \/>\nKika Julianelli &#8211; Laura<br \/>\nAna Saab &#8211; Malu<br \/>\nCaio Romei &#8211; Caco<br \/>\nAndrez GhizzevTot\u00f3<br \/>\nWellington de Oliveira &#8211; locutor Willy Junior<br \/>\nEduardo Paiva &#8211; Felipe<br \/>\nAna Paula Vieira &#8211; Fab\u00edola<br \/>\nAdriana Ferrari &#8211; Rafaela<br \/>\nFabiana Meyreles &#8211; Erm\u00ednia<br \/>\nAlejandra Sampaio &#8211; Suelly<br \/>\nMaur\u00edcio de Barros &#8211; Adolfo (Chaveirinho)<br \/>\nKelly Nascimento &#8211; Gilda<br \/>\nAugusto Zacchi &#8211; Thom\u00e1s<br \/>\nAlexandre Sertor &#8211; Bisteca<br \/>\nCamila Mahara &#8211; Tina<br \/>\nRenan Bega &#8211; Danilo (Grilo)<br \/>\nDaniel Amaral &#8211; Gustavo &#8220;Tavito&#8221; Muniz Cavalcante<br \/>\nCau\u00ea Bonif\u00e1cio &#8211; Jo\u00e3o (Jardineiro)<br \/>\nVal\u00e9ria Sime\u00e3o &#8211; Helena<br \/>\nCarolina Maia &#8211; Felipa<br \/>\nFl\u00e1via Tavares &#8211; Josefa<br \/>\nWelder de Lavor &#8211; Florista<\/p>\n<p>Fonte e Imagem SBT e Wikipedia &#8211; &#8220;Maria Esperan\u00e7a&#8221;<\/p>\n","protected":false},"excerpt":{"rendered":"<p>Novela &#8220;Maria Esperan\u00e7a&#8221;: a novela do SBT\u00a0ser\u00e1 reexibida a partir de 9 de mar\u00e7o de 2015, substituindo Esmeralda, \u00e0s 15h30, e conta a hist\u00f3ria de Maria, uma jovem que sustenta sozinha a fam\u00edlia, vendendo flores e bilhetes de loteria pelas ruas. Abandonada pela m\u00e3e ainda quando crian\u00e7a, ela vive com o pai, Ramiro, um alco\u00f3latra [&hellip;]<\/p>\n","protected":false},"author":2,"featured_media":66590,"comment_status":"open","ping_status":"closed","sticky":false,"template":"","format":"standard","meta":{"tdm_status":"","tdm_grid_status":"","footnotes":""},"categories":[379,372,343],"tags":[],"class_list":{"0":"post-66589","1":"post","2":"type-post","3":"status-publish","4":"format-standard","5":"has-post-thumbnail","7":"category-novelas","8":"category-sbt","9":"category-televisao"},"_links":{"self":[{"href":"https:\/\/migracao.redenoticia.com.br\/noticia\/wp-json\/wp\/v2\/posts\/66589","targetHints":{"allow":["GET"]}}],"collection":[{"href":"https:\/\/migracao.redenoticia.com.br\/noticia\/wp-json\/wp\/v2\/posts"}],"about":[{"href":"https:\/\/migracao.redenoticia.com.br\/noticia\/wp-json\/wp\/v2\/types\/post"}],"author":[{"embeddable":true,"href":"https:\/\/migracao.redenoticia.com.br\/noticia\/wp-json\/wp\/v2\/users\/2"}],"replies":[{"embeddable":true,"href":"https:\/\/migracao.redenoticia.com.br\/noticia\/wp-json\/wp\/v2\/comments?post=66589"}],"version-history":[{"count":0,"href":"https:\/\/migracao.redenoticia.com.br\/noticia\/wp-json\/wp\/v2\/posts\/66589\/revisions"}],"wp:featuredmedia":[{"embeddable":true,"href":"https:\/\/migracao.redenoticia.com.br\/noticia\/wp-json\/wp\/v2\/media\/66590"}],"wp:attachment":[{"href":"https:\/\/migracao.redenoticia.com.br\/noticia\/wp-json\/wp\/v2\/media?parent=66589"}],"wp:term":[{"taxonomy":"category","embeddable":true,"href":"https:\/\/migracao.redenoticia.com.br\/noticia\/wp-json\/wp\/v2\/categories?post=66589"},{"taxonomy":"post_tag","embeddable":true,"href":"https:\/\/migracao.redenoticia.com.br\/noticia\/wp-json\/wp\/v2\/tags?post=66589"}],"curies":[{"name":"wp","href":"https:\/\/api.w.org\/{rel}","templated":true}]}}