{"id":6659,"date":"2009-07-27T15:03:11","date_gmt":"2009-07-27T15:03:11","guid":{"rendered":"http:\/\/www.redenoticia.com.br\/noticia\/?p=6659"},"modified":"2009-07-28T01:34:48","modified_gmt":"2009-07-28T01:34:48","slug":"inscricao-para-600-vagas-da-policia-federal","status":"publish","type":"post","link":"https:\/\/migracao.redenoticia.com.br\/noticia\/2009\/inscricao-para-600-vagas-da-policia-federal\/6659","title":{"rendered":"Inscri\u00e7\u00e3o para 600 vagas da Pol\u00edcia Federal"},"content":{"rendered":"<p>O Departamento de Pol\u00edcia Federal abriu inscri\u00e7\u00e3o para dois concursos p\u00fablicos, um para 400 vagas de Escriv\u00e3o e outro para 200 vagas de Agente da Pol\u00edcia Federal. Os cargos s\u00e3o de 40 horas semanais, com dedica\u00e7\u00e3o exclusiva, e exige dos candidatos a conclus\u00e3o de qualquer curso de n\u00edvel superior. A remunera\u00e7\u00e3o inicial para os convocados \u00e9 de R$ 7.514,33.<\/p>\n<p>As inscri\u00e7\u00f5es podem ser feitas pelas p\u00e1ginas eletr\u00f4nicas <a href=\"http:\/\/www.cespe.unb.br\/concursos\/dpfescrivao2009\" target=\"_blank\">www.cespe.unb.br\/concursos\/dpfescrivao2009<\/a> ou <a href=\"http:\/\/www.cespe.unb.br\/concursos\/dpfagente2009\" target=\"_blank\">www.cespe.unb.br\/concursos\/dpfagente2009<\/a>, entre os dias 3 e 18 de agosto. A taxa \u00e9 de R$ 110,00. As sele\u00e7\u00f5es ter\u00e3o duas etapas. A primeira est\u00e1 dividida nas seguintes fases: prova objetiva, prova discursiva, avalia\u00e7\u00e3o psicol\u00f3gica, exame m\u00e9dico e de aptid\u00e3o f\u00edsica. Para o cargo de Escriv\u00e3o, haver\u00e1 tamb\u00e9m prova pr\u00e1tica de digita\u00e7\u00e3o. A segunda etapa consiste no Curso de Forma\u00e7\u00e3o, ministrado pela Academia Nacional de Pol\u00edcia.<br \/>\nAs provas objetivas e discursivas para os dois cargos ser\u00e3o aplicadas em todas as capitais e est\u00e3o previstas para o dia 13 de setembro.<\/p>\n<p>SERVI\u00c7O<br \/>\nConcurso: Departamento de Pol\u00edcia Federal<br \/>\nCargos: Escriv\u00e3o e Agente de Pol\u00edcia Federal<br \/>\nVagas: 400 para Escriv\u00e3o e 200 para Agente<br \/>\nInscri\u00e7\u00f5es: de 3 a 18 de agosto<br \/>\nTaxa de inscri\u00e7\u00e3o: R$ 110,00<br \/>\nRemunera\u00e7\u00e3o: R$ 7.514,33<br \/>\nProva objetiva: 13 de setembro<\/p>\n","protected":false},"excerpt":{"rendered":"<p>O Departamento de Pol\u00edcia Federal abriu inscri\u00e7\u00e3o para dois concursos p\u00fablicos, um para 400 vagas de Escriv\u00e3o e outro para 200 vagas de Agente da Pol\u00edcia Federal. Os cargos s\u00e3o de 40 horas semanais, com dedica\u00e7\u00e3o exclusiva, e exige dos candidatos a conclus\u00e3o de qualquer curso de n\u00edvel superior. A remunera\u00e7\u00e3o inicial para os convocados [&hellip;]<\/p>\n","protected":false},"author":2,"featured_media":0,"comment_status":"open","ping_status":"open","sticky":false,"template":"","format":"standard","meta":{"tdm_status":"","tdm_grid_status":"","footnotes":""},"categories":[22],"tags":[],"class_list":{"0":"post-6659","1":"post","2":"type-post","3":"status-publish","4":"format-standard","6":"category-brasil"},"_links":{"self":[{"href":"https:\/\/migracao.redenoticia.com.br\/noticia\/wp-json\/wp\/v2\/posts\/6659","targetHints":{"allow":["GET"]}}],"collection":[{"href":"https:\/\/migracao.redenoticia.com.br\/noticia\/wp-json\/wp\/v2\/posts"}],"about":[{"href":"https:\/\/migracao.redenoticia.com.br\/noticia\/wp-json\/wp\/v2\/types\/post"}],"author":[{"embeddable":true,"href":"https:\/\/migracao.redenoticia.com.br\/noticia\/wp-json\/wp\/v2\/users\/2"}],"replies":[{"embeddable":true,"href":"https:\/\/migracao.redenoticia.com.br\/noticia\/wp-json\/wp\/v2\/comments?post=6659"}],"version-history":[{"count":0,"href":"https:\/\/migracao.redenoticia.com.br\/noticia\/wp-json\/wp\/v2\/posts\/6659\/revisions"}],"wp:attachment":[{"href":"https:\/\/migracao.redenoticia.com.br\/noticia\/wp-json\/wp\/v2\/media?parent=6659"}],"wp:term":[{"taxonomy":"category","embeddable":true,"href":"https:\/\/migracao.redenoticia.com.br\/noticia\/wp-json\/wp\/v2\/categories?post=6659"},{"taxonomy":"post_tag","embeddable":true,"href":"https:\/\/migracao.redenoticia.com.br\/noticia\/wp-json\/wp\/v2\/tags?post=6659"}],"curies":[{"name":"wp","href":"https:\/\/api.w.org\/{rel}","templated":true}]}}