{"id":66599,"date":"2015-03-09T14:49:49","date_gmt":"2015-03-09T17:49:49","guid":{"rendered":"http:\/\/www.redenoticia.com.br\/noticia\/?p=66599"},"modified":"2015-03-09T14:51:13","modified_gmt":"2015-03-09T17:51:13","slug":"novela-mil-e-uma-noites-elenco-e-personagens","status":"publish","type":"post","link":"https:\/\/migracao.redenoticia.com.br\/noticia\/2015\/novela-mil-e-uma-noites-elenco-e-personagens\/66599","title":{"rendered":"Novela \u201cMil e Uma Noites\u201d: elenco e personagens"},"content":{"rendered":"<p><a href=\"https:\/\/migracao.redenoticia.com.br\/noticia\/imagens\/mil_e_uma_noites_resumo_novela_band.jpg\"><img loading=\"lazy\" decoding=\"async\" src=\"https:\/\/migracao.redenoticia.com.br\/noticia\/imagens\/mil_e_uma_noites_resumo_novela_band-187x187.jpg\" alt=\"mil_e_uma_noites_resumo_novela_band\" width=\"187\" height=\"187\" class=\"alignleft size-medium wp-image-66600\" srcset=\"https:\/\/migracao.redenoticia.com.br\/noticia\/imagens\/mil_e_uma_noites_resumo_novela_band-187x187.jpg 187w, https:\/\/migracao.redenoticia.com.br\/noticia\/imagens\/mil_e_uma_noites_resumo_novela_band.jpg 300w, https:\/\/migracao.redenoticia.com.br\/noticia\/imagens\/mil_e_uma_noites_resumo_novela_band-150x150.jpg 150w, https:\/\/migracao.redenoticia.com.br\/noticia\/imagens\/mil_e_uma_noites_resumo_novela_band-110x110.jpg 110w, https:\/\/migracao.redenoticia.com.br\/noticia\/imagens\/mil_e_uma_noites_resumo_novela_band-50x50.jpg 50w\" sizes=\"auto, (max-width: 187px) 100vw, 187px\" \/><\/a><strong><em>Novela \u201cMil e Uma Noites\u201d:<\/em><\/strong> a Band divulgou a estreia da novela \u201cMil e Uma Noites\u201d, onde Sherazade, uma arquiteta talentosa, trabalha em Binyapi, uma construtora pertencente \u00e0 Onur Aksal e Kerem Inceoglu. Sherazade \u00e9 vi\u00fava e m\u00e3e de um menino de cinco anos chamado Kaan, que sofre de leucemia e precisa urgentemente fazer uma cara cirurgia. Scheherazade pede ajuda a seu sogro, Burhan Eviyaoglu, um homem bilion\u00e1rio, dono de uma f\u00e1brica de couro e pai de seu falecido marido, Ahmed. Mas Burhan se recusa a emprestar o dinheiro, negando a exist\u00eancia de seu neto e do seu filho. Scheherazade pede ajuda a seu chefe, Onur, que se compromete a pagar o valor que ela precisa a partir de uma condi\u00e7\u00e3o: passar uma noite com ela. Ela aceita uma proposta indecente de Onur para salvar seu filho Kaan. Seu chefe Onur se aproveita para ter uma noite de amor com ela.<\/p>\n<p>Sherazade (Berg\u00fczar Korel) \u00e9 uma jovem vi\u00fava de 26 anos, talentosa arquiteta na empresa Binvapi. Ela perdeu a m\u00e3e aos 12 anos, o pai aos 19 e o marido aos 24. Ela se casou com Ahmed contra o desejo de sua fam\u00edlia. Depois da morte do marido, descobre que seu filho pode morrer v\u00edtima de leucemia e far\u00e1 de tudo para salv\u00e1-lo.<\/p>\n<p>Onur (Halit Ergen\u00e7) tem uma vida aparentemente de sonho, mas tamb\u00e9m tem uma hist\u00f3ria sofrida. A forma como perdeu seu pai aos 12 anos \u00e9 a raz\u00e3o dele n\u00e3o confiar nas mulheres.  Kerem \u00e9 seu melhor amigo, mas parece estar em constante competi\u00e7\u00e3o com ele, tanto profissionalmente como pessoalmente.<\/p>\n<p>Kerem (Tardu Flordun) tem uma opini\u00e3o melhor que Onur sobre as mulheres, \u00e9 menos workaholic e aproveita mais a vida. Sempre foi defensor da Sherazade e a ama em sil\u00eancio, pois \u00e9 casado. Vendo a aproxima\u00e7\u00e3o entre Onur e Sherazade, ele vai fazer de tudo para tentar separ\u00e1-los.<\/p>\n<p>Bennu (Ceyda D\u00fcvenci) \u00e9 uma jovem arquiteta, companheira de trabalho e melhor amiga de Sherazade.  Tem uma irm\u00e3 problem\u00e1tica chamada Melek. Ela \u00e9 uma eterna apaixonada por Kerem, que nem a nota. Muitas vezes, se sente amea\u00e7ada por Sherazade, que \u00e9 o motivo de Kerem n\u00e3o ter olhos para ela.<\/p>\n<p>Kaan (Efe \u00c7inar) \u00e9 o filho de Ahmed e Sherazade e a raz\u00e3o de sua m\u00e3e ter decidido vender uma noite de intimidade com o Onur a fim de conseguir o dinheiro para a opera\u00e7\u00e3o que pode salvar sua vida. Quando Onur o conhece, desperta seu instinto paterno, mas n\u00e3o \u00e9 visto com bons olhos pelo menino.<\/p>\n<p>Burhan (Metin \u00c7ekmez) \u00e9 marido de Nadide, pai de Ali Kemal e Ahmed, falecido esposo de Sherazade. O sogro da protagonista \u00e9 um homem arrogante e muito rigoroso. Sua esperan\u00e7a \u00e9 ter um neto homem e, ao saber que sua nora F\u00fcsun n\u00e3o poder\u00e1 dar-lhe um, tenta conquistar o amor de Kaan. Ao negar dinheiro para sua opera\u00e7\u00e3o, Sherazade n\u00e3o deixa que ele veja o neto, e ele seguir\u00e1 tentando reconquist\u00e1-lo.<\/p>\n<p>Nadide (Tomris Incer) \u00e9 esposa de Burhan, m\u00e3e de Ahmed e Ali Kemal. Ao contr\u00e1rio de seu marido, ela \u00e9 uma mulher submissa que tenta manter a casa em ordem para que Don Burhan n\u00e3o se aborre\u00e7a. Sherazade a recebe com carinho sempre e permite que Kaan a chame de av\u00f3. Ela tamb\u00e9m gostaria de ter um neto homem, por isso tem adora\u00e7\u00e3o por Kaan.<\/p>\n<p>Ali Kemal (Erg\u00fcn Demir) \u00e9 o filho de Burhan e Nadide, irm\u00e3o de Ahmed, esposo de F\u00fcsun. Ambos s\u00e3o pais de Buket, Bur\u00e7u e Ber\u00e7in. Apesar de parecer ser muito correto e submisso, Ali Kemal esconde segredos muito obscuros e vive uma vida dupla fora de casa.<\/p>\n<p>Elenco e personagens<\/p>\n<p>Sherazade Evliyao?lu &#8211; Berg\u00fczar Korel<br \/>\nOnur Aksal &#8211; Halit Ergen\u00e7<br \/>\nKaan Evliyao?lu &#8211; Efe \u00c7?nar<br \/>\nKerem Inceoglu &#8211; Tardu Flordun<br \/>\nBennu Ataman &#8211; Ceyda D\u00fcvenc<br \/>\nBurhan Evliyao?lu &#8211; Metin \u00c7ekmez<br \/>\nNadide Evliyao?lu &#8211; Tomris ?ncer<br \/>\nAli Kemal Evliyao?lu &#8211; Erg\u00fcn Demir<br \/>\nFusun Evliyao?lu &#8211; Yonca Cevher Yenel<br \/>\nBuket Evliyao?lu &#8211; Feyzan \u00c7apa<br \/>\nGizem &#8211; G\u00fcne?<br \/>\nBur\u00e7u Evliyao?lu &#8211; Hazal G\u00fcrel<br \/>\nMihriban &#8211; Melahat Abbasova<br \/>\nGani &#8211; Bartu K\u00fc\u00e7\u00fck\u00e7a?layan<br \/>\nZafer G\u00fcnd\u00fczalp &#8211; Metin Belgin<br \/>\nMelek Ataman &#8211; Yeliz Akkaya<br \/>\nNurhayat &#8211; Sevda Aktolga<br \/>\nNimet &#8211; Karina G\u00fckrer<br \/>\nPeride Aksal &#8211; Meral \u00c7etinkaya<br \/>\nSecal Inceoglu &#8211; Ayta\u00e7 \u00d6ztuna<br \/>\nFirdevs\tSennur &#8211; Kaya<br \/>\nSemih \u00d6z?ener &#8211; Nihat ?leri<br \/>\nSezen \u00d6z?ener &#8211; Duygu \u00c7etinkaya<br \/>\nSe\u00f1or Yal\u00e7in &#8211; Suphi Tekniker<br \/>\nSevgi &#8211; Nuray Uslu<br \/>\nAysen &#8211; Nihan Durukan<br \/>\nJale &#8211; Nil\u00fcfer Sils\u00fcp\u00fcr<br \/>\nIsmail &#8211; Ismail D\u00fcvenci<br \/>\nHakan &#8211; Erdal Bilingen<br \/>\nKamil &#8211; Sin datos<br \/>\nPayidar &#8211; Sin datos<br \/>\nYansel &#8211; F\u00fcsun Kostak<br \/>\nZeynep &#8211; Zeynep Konan<br \/>\nMert &#8211; Merih Ermakastar<br \/>\nYasemin &#8211; Ebru Ayka\u00e7<br \/>\nYaman &#8211; Teoman Kumbaracibasi<br \/>\nEda Akinay &#8211; Canan Erg\u00fcder<br \/>\nAtilla &#8211; Murat Serezli<br \/>\nNil\u00fcfer Aksal &#8211; Dilara Kavadar<\/p>\n<p>Fonte: \u201cMil e Uma Noites\u201d, novela da Band <\/p>\n","protected":false},"excerpt":{"rendered":"<p>Novela \u201cMil e Uma Noites\u201d: a Band divulgou a estreia da novela \u201cMil e Uma Noites\u201d, onde Sherazade, uma arquiteta talentosa, trabalha em Binyapi, uma construtora pertencente \u00e0 Onur Aksal e Kerem Inceoglu. Sherazade \u00e9 vi\u00fava e m\u00e3e de um menino de cinco anos chamado Kaan, que sofre de leucemia e precisa urgentemente fazer uma [&hellip;]<\/p>\n","protected":false},"author":2,"featured_media":66600,"comment_status":"open","ping_status":"closed","sticky":false,"template":"","format":"standard","meta":{"tdm_status":"","tdm_grid_status":"","footnotes":""},"categories":[390,379,343],"tags":[],"class_list":{"0":"post-66599","1":"post","2":"type-post","3":"status-publish","4":"format-standard","5":"has-post-thumbnail","7":"category-band","8":"category-novelas","9":"category-televisao"},"_links":{"self":[{"href":"https:\/\/migracao.redenoticia.com.br\/noticia\/wp-json\/wp\/v2\/posts\/66599","targetHints":{"allow":["GET"]}}],"collection":[{"href":"https:\/\/migracao.redenoticia.com.br\/noticia\/wp-json\/wp\/v2\/posts"}],"about":[{"href":"https:\/\/migracao.redenoticia.com.br\/noticia\/wp-json\/wp\/v2\/types\/post"}],"author":[{"embeddable":true,"href":"https:\/\/migracao.redenoticia.com.br\/noticia\/wp-json\/wp\/v2\/users\/2"}],"replies":[{"embeddable":true,"href":"https:\/\/migracao.redenoticia.com.br\/noticia\/wp-json\/wp\/v2\/comments?post=66599"}],"version-history":[{"count":0,"href":"https:\/\/migracao.redenoticia.com.br\/noticia\/wp-json\/wp\/v2\/posts\/66599\/revisions"}],"wp:featuredmedia":[{"embeddable":true,"href":"https:\/\/migracao.redenoticia.com.br\/noticia\/wp-json\/wp\/v2\/media\/66600"}],"wp:attachment":[{"href":"https:\/\/migracao.redenoticia.com.br\/noticia\/wp-json\/wp\/v2\/media?parent=66599"}],"wp:term":[{"taxonomy":"category","embeddable":true,"href":"https:\/\/migracao.redenoticia.com.br\/noticia\/wp-json\/wp\/v2\/categories?post=66599"},{"taxonomy":"post_tag","embeddable":true,"href":"https:\/\/migracao.redenoticia.com.br\/noticia\/wp-json\/wp\/v2\/tags?post=66599"}],"curies":[{"name":"wp","href":"https:\/\/api.w.org\/{rel}","templated":true}]}}