{"id":66602,"date":"2015-03-09T14:48:33","date_gmt":"2015-03-09T17:48:33","guid":{"rendered":"http:\/\/www.redenoticia.com.br\/noticia\/?p=66602"},"modified":"2015-03-09T14:49:02","modified_gmt":"2015-03-09T17:49:02","slug":"novela-mil-e-uma-noites-a-historia-de-sherazade-e-onur","status":"publish","type":"post","link":"https:\/\/migracao.redenoticia.com.br\/noticia\/2015\/novela-mil-e-uma-noites-a-historia-de-sherazade-e-onur\/66602","title":{"rendered":"Novela \u201cMil e Uma Noites\u201d: a hist\u00f3ria de Sherazade e Onur"},"content":{"rendered":"<p><a href=\"https:\/\/migracao.redenoticia.com.br\/noticia\/imagens\/mil_e_uma_noites_resumo_novela_band.jpg\"><img loading=\"lazy\" decoding=\"async\" src=\"https:\/\/migracao.redenoticia.com.br\/noticia\/imagens\/mil_e_uma_noites_resumo_novela_band-187x187.jpg\" alt=\"mil_e_uma_noites_resumo_novela_band\" width=\"187\" height=\"187\" class=\"alignleft size-medium wp-image-66600\" srcset=\"https:\/\/migracao.redenoticia.com.br\/noticia\/imagens\/mil_e_uma_noites_resumo_novela_band-187x187.jpg 187w, https:\/\/migracao.redenoticia.com.br\/noticia\/imagens\/mil_e_uma_noites_resumo_novela_band.jpg 300w, https:\/\/migracao.redenoticia.com.br\/noticia\/imagens\/mil_e_uma_noites_resumo_novela_band-150x150.jpg 150w, https:\/\/migracao.redenoticia.com.br\/noticia\/imagens\/mil_e_uma_noites_resumo_novela_band-110x110.jpg 110w, https:\/\/migracao.redenoticia.com.br\/noticia\/imagens\/mil_e_uma_noites_resumo_novela_band-50x50.jpg 50w\" sizes=\"auto, (max-width: 187px) 100vw, 187px\" \/><\/a><strong><em>Novela \u201cMil e Uma Noites\u201d:<\/em><\/strong> a Band divulgou a estreia da novela \u201cMil e Uma Noites\u201d na segunda-feira 09\/03, de segunda a s\u00e1bado, \u00e0s 20h20, logo ap\u00f3s o \u201cJornal da Band\u201d. Na novela, Sherazade, uma arquiteta talentosa, trabalha em Binyapi, uma construtora pertencente \u00e0 Onur Aksal e Kerem Inceoglu. Sherazade \u00e9 vi\u00fava e m\u00e3e de um menino de cinco anos chamado Kaan, que sofre de leucemia e precisa urgentemente fazer uma cara cirurgia. Scheherazade pede ajuda a seu sogro, Burhan Eviyaoglu, um homem bilion\u00e1rio, dono de uma f\u00e1brica de couro e pai de seu falecido marido, Ahmed. Mas Burhan se recusa a emprestar o dinheiro, negando a exist\u00eancia de seu neto e do seu filho. <\/p>\n<p>Scheherazade pede ajuda a seu chefe, Onur, que se compromete a pagar o valor que ela precisa a partir de uma condi\u00e7\u00e3o: passar uma noite com ela. Ela aceita uma proposta indecente de Onur para salvar seu filho Kaan. Seu chefe Onur se aproveita para ter uma noite de amor com ela.<\/p>\n<p>Como toda m\u00e3e que ama seu filho, Scheherazade aceita a proposta de Onur, que paga o dinheiro na manh\u00e3 seguinte. Mas, ao inv\u00e9s de saciar a vontade de Onur, o desejo dele em passar mais noites junto a Scheherazade s\u00f3 aumenta. Enquanto isso, ela tem que lidar com seus sentimentos de culpa, com a lembran\u00e7a de seu falecido esposo, com a doen\u00e7a do filho, com os atritos com a m\u00e3e Nadide Eviyaoglu, as dificuldades no seu trabalho, dentre muitos outros inconvenientes. Ao passo que Onur n\u00e3o vai desistir facilmente de Scheherazade. <\/p>\n<p>&#8212;<br \/>\nProduzida pela TMC Films e gravada nas belas paisagens da Turquia, a novela \u00e9 sucesso em v\u00e1rios pa\u00edses do mundo. No Chile, o canal Mega costumava registrar 5 pontos de audi\u00eancia antes da exibi\u00e7\u00e3o da novela. Ap\u00f3s a estreia, no ano passado, os n\u00fameros foram subindo gradualmente at\u00e9 chegar ao patamar de 35 pontos de m\u00e9dia, resultado que levou o Mega ao primeiro lugar no Ibope.<\/p>\n<p>O sucesso se repetiu na Argentina neste ano, onde a trama \u00e9 levada ao ar pelo Canal 13. A emissora dobrou sua m\u00e9dia de audi\u00eancia na faixa hor\u00e1ria da novela, chegando aos 20 pontos e vencendo a concorrente Telefe, primeiro lugar em audi\u00eancia no hor\u00e1rio com a exibi\u00e7\u00e3o da brasileira \u201cAmor \u00c0 Vida\u201d.<\/p>\n<p>No Uruguai, o Canal 12 tamb\u00e9m teve sua audi\u00eancia duplicada na faixa ocupada pela produ\u00e7\u00e3o turca.<\/p>\n<p>Fonte: \u201cMil e Uma Noites\u201d, novela da Band <\/p>\n","protected":false},"excerpt":{"rendered":"<p>Novela \u201cMil e Uma Noites\u201d: a Band divulgou a estreia da novela \u201cMil e Uma Noites\u201d na segunda-feira 09\/03, de segunda a s\u00e1bado, \u00e0s 20h20, logo ap\u00f3s o \u201cJornal da Band\u201d. Na novela, Sherazade, uma arquiteta talentosa, trabalha em Binyapi, uma construtora pertencente \u00e0 Onur Aksal e Kerem Inceoglu. Sherazade \u00e9 vi\u00fava e m\u00e3e de [&hellip;]<\/p>\n","protected":false},"author":2,"featured_media":66600,"comment_status":"open","ping_status":"closed","sticky":false,"template":"","format":"standard","meta":{"tdm_status":"","tdm_grid_status":"","footnotes":""},"categories":[390,379,343],"tags":[],"class_list":{"0":"post-66602","1":"post","2":"type-post","3":"status-publish","4":"format-standard","5":"has-post-thumbnail","7":"category-band","8":"category-novelas","9":"category-televisao"},"_links":{"self":[{"href":"https:\/\/migracao.redenoticia.com.br\/noticia\/wp-json\/wp\/v2\/posts\/66602","targetHints":{"allow":["GET"]}}],"collection":[{"href":"https:\/\/migracao.redenoticia.com.br\/noticia\/wp-json\/wp\/v2\/posts"}],"about":[{"href":"https:\/\/migracao.redenoticia.com.br\/noticia\/wp-json\/wp\/v2\/types\/post"}],"author":[{"embeddable":true,"href":"https:\/\/migracao.redenoticia.com.br\/noticia\/wp-json\/wp\/v2\/users\/2"}],"replies":[{"embeddable":true,"href":"https:\/\/migracao.redenoticia.com.br\/noticia\/wp-json\/wp\/v2\/comments?post=66602"}],"version-history":[{"count":0,"href":"https:\/\/migracao.redenoticia.com.br\/noticia\/wp-json\/wp\/v2\/posts\/66602\/revisions"}],"wp:featuredmedia":[{"embeddable":true,"href":"https:\/\/migracao.redenoticia.com.br\/noticia\/wp-json\/wp\/v2\/media\/66600"}],"wp:attachment":[{"href":"https:\/\/migracao.redenoticia.com.br\/noticia\/wp-json\/wp\/v2\/media?parent=66602"}],"wp:term":[{"taxonomy":"category","embeddable":true,"href":"https:\/\/migracao.redenoticia.com.br\/noticia\/wp-json\/wp\/v2\/categories?post=66602"},{"taxonomy":"post_tag","embeddable":true,"href":"https:\/\/migracao.redenoticia.com.br\/noticia\/wp-json\/wp\/v2\/tags?post=66602"}],"curies":[{"name":"wp","href":"https:\/\/api.w.org\/{rel}","templated":true}]}}