{"id":6662,"date":"2009-07-27T15:24:53","date_gmt":"2009-07-27T15:24:53","guid":{"rendered":"http:\/\/www.redenoticia.com.br\/noticia\/?p=6662"},"modified":"2009-07-28T01:34:18","modified_gmt":"2009-07-28T01:34:18","slug":"semosp-realiza-mutirao-em-ji-parana","status":"publish","type":"post","link":"https:\/\/migracao.redenoticia.com.br\/noticia\/2009\/semosp-realiza-mutirao-em-ji-parana\/6662","title":{"rendered":"Semosp realiza mutir\u00e3o em Ji-Paran\u00e1"},"content":{"rendered":"<p>A Secretaria Municipal de Obras e Servi\u00e7os P\u00fablicos (Semosp) de Ji-Paran\u00e1\u00a0 abriu, em regime de mutir\u00e3o, uma rua no Setor Chacareiro, neste \u00faltimo final de semana. O trabalho concentrou maquin\u00e1rio, equipe t\u00e9cnica e pessoal de apoio na abertura de 1.600 metros de rua iniciando no bairro Novo Ji-Paran\u00e1 e seguindo at\u00e9 o Anel Vi\u00e1rio. O trecho recebeu cascalhamento e foi constru\u00eddo um bueiro de 12 metros. O Mutir\u00e3o vai acontecer semanalmente, afirmou o diretor da Semosp, Crispim Bispo dos Santos. \u201cEste regime facilita a conclus\u00e3o dos trabalhos e n\u00e3o interrompe os servi\u00e7os do cotidiano da secretaria\u201d, disse Crispim.<\/p>\n<p>De acordo com cronograma pr\u00e9-estabelecido pelo Secret\u00e1rio de Obras, Assis Canuto, no pr\u00f3ximo final de semana a equipe estar\u00e1 mobilizada na reabertura da rua da Jiscap, no Bairro Duque de Caxias. O trabalho vai liberar o trecho at\u00e9 a Rua Jos\u00e9 Geraldo, facilitando a passagem do transporte de \u00f4nibus coletivo. Em breve ser\u00e1 divulgado o cronograma dos pr\u00f3ximos mutir\u00f5es que ir\u00e3o acontecer sempre na sexta-feira e no s\u00e1bado.\u00a0\u00a0<\/p>\n<p><strong>Pronto Atendimento \u00a0<\/strong>\u00a0<\/p>\n<p>Mais de 30 pessoas procuram diariamente a Semosp para solicita\u00e7\u00e3o de servi\u00e7os. Os trabalhos solicitados s\u00e3o os mais diversos. Por determina\u00e7\u00e3o do Secret\u00e1rio Municipal, que atende pessoalmente a popula\u00e7\u00e3o, mais de 90% dos casos s\u00e3o solucionados em menos de 48 horas. \u201cSendo poss\u00edvel, a equipe da Semosp faz a avalia\u00e7\u00e3o no mesmo dia e providencia os reparos necess\u00e1rios\u201d, afirmou.\u00a0<\/p>\n<p><strong>Po\u00e7o Artesiano<\/strong>\u00a0<\/p>\n<p>A Comunidade de Nova Colina comemora mais uma conquista. J\u00e1 foi assinado pelo Secret\u00e1rio de Obras, Assis Canuto, e pela empresa Geonorte, a perfura\u00e7\u00e3o de um po\u00e7o tubular profundo (artesiano) naquela comunidade. Os servi\u00e7os devem ser iniciados na primeira quinzena de agosto.\u00a0<\/p>\n<p><strong>Zona rural<\/strong>\u00a0<\/p>\n<p>A Semosp est\u00e1\u00a0 recuperando diversas estradas da zona rural de Ji-Paran\u00e1. Na linha 102 est\u00e1\u00a0sendo mantido um trator esteira para recompor estradas realizando a limpeza e abertura de vias. De acordo com o coordenador de servi\u00e7os rurais, Br\u00e1ulio Barbosa, foram recuperadas tr\u00eas serras localizadas entre a linha 128 e a divisa com o munic\u00edpio de Ministro Andreazza. \u201cOutro problema resolvido foi a eros\u00e3o que \u00e9 causada principalmente pelas chuvas\u201d, afirmou Br\u00e1ulio. Neste setor o trabalho deve ser finalizado na pr\u00f3xima semana.<\/p>\n<p>Para o Secret\u00e1rio de Obras, Assis Canuto, esta \u00e9\u00a0s\u00f3\u00a0a primeira etapa. \u201cPretendemos numa segunda etapa atender a linha 102 com ca\u00e7amba, p\u00e1 carregadeira e patrol, concluindo a regulariza\u00e7\u00e3o da plataforma\u201d, disse o secret\u00e1rio. Canuto informou tamb\u00e9m que j\u00e1 foram conclu\u00eddos os trabalhos na quarta e quinta linhas, setor gleba G. J\u00e1 est\u00e3o liberados para a comunidade o travess\u00e3o da terceira para a quartinha e da terceira para a segundinha. A Semosp atualmente mant\u00e9m uma equipe de trabalho na Linha 12 A, setor Itapirema.<span style=\"font-size: 7.5pt; font-family: Arial;\">\u00a0<\/span><\/p>\n","protected":false},"excerpt":{"rendered":"<p>A Secretaria Municipal de Obras e Servi\u00e7os P\u00fablicos (Semosp) de Ji-Paran\u00e1\u00a0 abriu, em regime de mutir\u00e3o, uma rua no Setor Chacareiro, neste \u00faltimo final de semana. O trabalho concentrou maquin\u00e1rio, equipe t\u00e9cnica e pessoal de apoio na abertura de 1.600 metros de rua iniciando no bairro Novo Ji-Paran\u00e1 e seguindo at\u00e9 o Anel Vi\u00e1rio. O [&hellip;]<\/p>\n","protected":false},"author":2,"featured_media":0,"comment_status":"open","ping_status":"open","sticky":false,"template":"","format":"standard","meta":{"tdm_status":"","tdm_grid_status":"","footnotes":""},"categories":[22],"tags":[],"class_list":{"0":"post-6662","1":"post","2":"type-post","3":"status-publish","4":"format-standard","6":"category-brasil"},"_links":{"self":[{"href":"https:\/\/migracao.redenoticia.com.br\/noticia\/wp-json\/wp\/v2\/posts\/6662","targetHints":{"allow":["GET"]}}],"collection":[{"href":"https:\/\/migracao.redenoticia.com.br\/noticia\/wp-json\/wp\/v2\/posts"}],"about":[{"href":"https:\/\/migracao.redenoticia.com.br\/noticia\/wp-json\/wp\/v2\/types\/post"}],"author":[{"embeddable":true,"href":"https:\/\/migracao.redenoticia.com.br\/noticia\/wp-json\/wp\/v2\/users\/2"}],"replies":[{"embeddable":true,"href":"https:\/\/migracao.redenoticia.com.br\/noticia\/wp-json\/wp\/v2\/comments?post=6662"}],"version-history":[{"count":0,"href":"https:\/\/migracao.redenoticia.com.br\/noticia\/wp-json\/wp\/v2\/posts\/6662\/revisions"}],"wp:attachment":[{"href":"https:\/\/migracao.redenoticia.com.br\/noticia\/wp-json\/wp\/v2\/media?parent=6662"}],"wp:term":[{"taxonomy":"category","embeddable":true,"href":"https:\/\/migracao.redenoticia.com.br\/noticia\/wp-json\/wp\/v2\/categories?post=6662"},{"taxonomy":"post_tag","embeddable":true,"href":"https:\/\/migracao.redenoticia.com.br\/noticia\/wp-json\/wp\/v2\/tags?post=6662"}],"curies":[{"name":"wp","href":"https:\/\/api.w.org\/{rel}","templated":true}]}}