{"id":6671,"date":"2009-07-28T01:45:42","date_gmt":"2009-07-28T05:45:42","guid":{"rendered":"http:\/\/www.redenoticia.com.br\/noticia\/?p=6671"},"modified":"2009-08-01T16:53:29","modified_gmt":"2009-08-01T20:53:29","slug":"final-juvenil-dos-joer-acontecera-em-ji-parana","status":"publish","type":"post","link":"https:\/\/migracao.redenoticia.com.br\/noticia\/2009\/final-juvenil-dos-joer-acontecera-em-ji-parana\/6671","title":{"rendered":"Final juvenil dos Joer acontecer\u00e1 em Ji-Paran\u00e1"},"content":{"rendered":"<p><span style=\"font-size: 11.0pt; font-family: Arial;\"><a href=\"https:\/\/migracao.redenoticia.com.br\/noticia\/imagens\/\/joer.jpg\"><img loading=\"lazy\" decoding=\"async\" class=\"alignleft size-full wp-image-6761\" title=\"joer\" src=\"https:\/\/migracao.redenoticia.com.br\/noticia\/imagens\/\/joer.jpg\" alt=\"joer\" width=\"150\" height=\"113\" \/><\/a>Cerca de mil jovens, de todo o Estado de Rond\u00f4nia, estar\u00e3o disputando em Ji-Paran\u00e1, no per\u00edodo de 14 a 22 de agosto, as finais dos Jogos Estudantis de Rond\u00f4nia (Joer), na categoria juvenil, faixa et\u00e1ria de 15 a 17 anos. A abertura do evento acontecer\u00e1 no Gin\u00e1sio Gerivaldo Jos\u00e9 de Souza (Gerivald\u00e3o), a partir das 20 horas do dia 22, com apresenta\u00e7\u00e3o da Quadrilha R\u00e1dio Farol, campe\u00e3 2009 do tradicional arraial da capital, o Flor do Maracuj\u00e1. Esses jovens s\u00e3o os camp\u00f5es e vice-campe\u00f5es das etapas regionais dos jogos estudantis.<\/span><\/p>\n<p><span style=\"font-size: 11.0pt; font-family: Arial;\">Para o prefeito de Ji-Paran\u00e1, Jos\u00e9\u00a0de Abreu Bianco (DEM), \u00e9\u00a0uma grande satisfa\u00e7\u00e3o que esta final ocorra no munic\u00edpio, tendo em vista a grandiosidade do evento e a import\u00e2ncia do incentivo \u00e0\u00a0pr\u00e1tica de esportes entre os jovens. <\/span><\/p>\n<p><span style=\"font-size: 11.0pt; font-family: Arial;\">\u201cProcuramos sempre incentivar a pr\u00e1tica de esportes entre as nossas crian\u00e7as e jovens por acreditar na import\u00e2ncia desta atividade para a o desenvolvimento s\u00f3cio-cultural de cada um. E tamb\u00e9m estamos muito felizes em poder sediar a final do Joer e saber que deste evento sair\u00e3o fortes competidores para disputar a categoria nacional dos Jogos Estudantis\u201d, disse Bianco.<\/span><\/p>\n<p><span style=\"font-size: 11.0pt; font-family: Arial;\">S\u00e3o muitas as categorias que ser\u00e3o disputadas, entre elas destacamos: futsal, ciclismo, handebol, basquete, v\u00f4lei de quadra e areia, nata\u00e7\u00e3o, t\u00eanis de mesa, xadrez, karat\u00ea e jud\u00f4. As disputas acontecer\u00e3o pela manh\u00e3 e a tarde em diversos locais do munic\u00edpio como no Est\u00e1dio Bianc\u00e3o, Gerivald\u00e3o, AABB, Gin\u00e1sio Ad\u00e3o Lamota, Clube Vera Cruz, biblioteca municipal e escolas municipais.<\/span><\/p>\n<p><span style=\"font-size: 11.0pt; font-family: Arial;\">Os campe\u00f5es do Joer, excetuando-se o time de futebol de campo, ir\u00e3o disputar a edi\u00e7\u00e3o nacional dos Jogos Estudantis, que acontecer\u00e1\u00a0nas cidades de Maring\u00e1\u00a0 e Londrina, estado do Paran\u00e1.\u00a0<\/span><\/p>\n","protected":false},"excerpt":{"rendered":"<p>Cerca de mil jovens, de todo o Estado de Rond\u00f4nia, estar\u00e3o disputando em Ji-Paran\u00e1, no per\u00edodo de 14 a 22 de agosto, as finais dos Jogos Estudantis de Rond\u00f4nia (Joer), na categoria juvenil, faixa et\u00e1ria de 15 a 17 anos. A abertura do evento acontecer\u00e1 no Gin\u00e1sio Gerivaldo Jos\u00e9 de Souza (Gerivald\u00e3o), a partir das [&hellip;]<\/p>\n","protected":false},"author":2,"featured_media":0,"comment_status":"open","ping_status":"open","sticky":false,"template":"","format":"standard","meta":{"tdm_status":"","tdm_grid_status":"","footnotes":""},"categories":[22],"tags":[],"class_list":{"0":"post-6671","1":"post","2":"type-post","3":"status-publish","4":"format-standard","6":"category-brasil"},"_links":{"self":[{"href":"https:\/\/migracao.redenoticia.com.br\/noticia\/wp-json\/wp\/v2\/posts\/6671","targetHints":{"allow":["GET"]}}],"collection":[{"href":"https:\/\/migracao.redenoticia.com.br\/noticia\/wp-json\/wp\/v2\/posts"}],"about":[{"href":"https:\/\/migracao.redenoticia.com.br\/noticia\/wp-json\/wp\/v2\/types\/post"}],"author":[{"embeddable":true,"href":"https:\/\/migracao.redenoticia.com.br\/noticia\/wp-json\/wp\/v2\/users\/2"}],"replies":[{"embeddable":true,"href":"https:\/\/migracao.redenoticia.com.br\/noticia\/wp-json\/wp\/v2\/comments?post=6671"}],"version-history":[{"count":0,"href":"https:\/\/migracao.redenoticia.com.br\/noticia\/wp-json\/wp\/v2\/posts\/6671\/revisions"}],"wp:attachment":[{"href":"https:\/\/migracao.redenoticia.com.br\/noticia\/wp-json\/wp\/v2\/media?parent=6671"}],"wp:term":[{"taxonomy":"category","embeddable":true,"href":"https:\/\/migracao.redenoticia.com.br\/noticia\/wp-json\/wp\/v2\/categories?post=6671"},{"taxonomy":"post_tag","embeddable":true,"href":"https:\/\/migracao.redenoticia.com.br\/noticia\/wp-json\/wp\/v2\/tags?post=6671"}],"curies":[{"name":"wp","href":"https:\/\/api.w.org\/{rel}","templated":true}]}}