{"id":6673,"date":"2009-07-28T01:51:06","date_gmt":"2009-07-28T05:51:06","guid":{"rendered":"http:\/\/www.redenoticia.com.br\/noticia\/?p=6673"},"modified":"2009-08-01T16:53:41","modified_gmt":"2009-08-01T20:53:41","slug":"jk-realizou-1-430-atendimentos-no-domingo-total-em-ji-parana","status":"publish","type":"post","link":"https:\/\/migracao.redenoticia.com.br\/noticia\/2009\/jk-realizou-1-430-atendimentos-no-domingo-total-em-ji-parana\/6673","title":{"rendered":"JK realizou 1.430 atendimentos no Domingo Total em Ji-Paran\u00e1"},"content":{"rendered":"<p><span style=\"font-family: Arial;\"><a href=\"https:\/\/migracao.redenoticia.com.br\/noticia\/imagens\/\/jk.jpg\"><img loading=\"lazy\" decoding=\"async\" class=\"alignleft size-full wp-image-6759\" title=\"jk\" src=\"https:\/\/migracao.redenoticia.com.br\/noticia\/imagens\/\/jk.jpg\" alt=\"jk\" width=\"150\" height=\"113\" \/><\/a>Aconteceu no \u00faltimo dia 26 mais uma edi\u00e7\u00e3o do Domingo Total em Ji-Paran\u00e1 Rond\u00f4nia. A 2\u00aa\u00a0 edi\u00e7\u00e3o deste ano foi realizado na Escola Estadual de Ensino Fundamenta Juscelino Kubtschek (JK), no bairro Nova Bras\u00edlia, das 8 \u00e0s 12 horas, promovido pela Secretaria Municipal de A\u00e7\u00e3o Social de Ji-Paran\u00e1 (Semas), em parceria com o Governo do Estado, e os Deputados Estaduais Jesualdo Pires e Euclides Maciel.<\/span><\/p>\n<p><span style=\"font-family: Arial;\">Na 2\u00aa\u00a0edi\u00e7\u00e3o do Domingo Total foram disponibilizados v\u00e1rios servi\u00e7os o que resultou em 1.430 atendimentos. Entre eles podemos destacar a emiss\u00e3o de carteiras de identidade, CPF\u2019s, certid\u00f5es de nascimento, carteiras de trabalho e t\u00edtulos de eleitor. <\/span><\/p>\n<p><span style=\"font-family: Arial;\">De acordo com a Secret\u00e1ria de A\u00e7\u00e3o Social, S\u00f4nia Reigota, mais uma vez o evento foi um sucesso, muita pessoas aproveitaram para tirar alguns documentos e regularizar situa\u00e7\u00f5es pessoais, at\u00e9 porque grande parte da comunidade n\u00e3o tem tempo suficiente durante os dias \u00fateis por causa do per\u00edodo de trabalho.<\/span><\/p>\n<p><span style=\"font-family: Arial;\">A Semas ofereceu os servi\u00e7os com informa\u00e7\u00f5es sobre o Programa de Habita\u00e7\u00e3o \u201cMinha Casa, Minha Vida\u201d, o Programa de Enfrentamento e Combate \u00e0 Explora\u00e7\u00e3o infantil, Projeto Roda Moinho e o Programa Bolsa Fam\u00edlia. O Pro\u2013Jovem Adolescente e Peti trabalharam com informa\u00e7\u00f5es sobre os programas e novos cadastros, e o Conselho Tutelar com atendimento e informa\u00e7\u00f5es gerais.<\/span><\/p>\n<p><span style=\"font-family: Arial;\">A Secretaria Municipal de Sa\u00fade (Semusa) tamb\u00e9m esteve presente oferecendo vacinas, realizando a emiss\u00e3o de carteira do SUS, medi\u00e7\u00e3o de press\u00e3o arterial, exames de glicose, servi\u00e7os odontol\u00f3gicos, atendimento cl\u00ednico e distribui\u00e7\u00e3o de hipoclorito de s\u00f3dio para po\u00e7os e caixas d\u2019\u00e1gua.<\/span><\/p>\n<p><span style=\"font-family: Arial;\">A Secretaria Municipal de Educa\u00e7\u00e3o (Semed) trabalhou com uma sala especial para crian\u00e7as disponibilizando literatura infantil, laborat\u00f3rio de inform\u00e1tica e jogos pedag\u00f3gicos. A Secretaria Municipal de Esportes (Semes) ficou respons\u00e1vel pela recrea\u00e7\u00e3o com as crian\u00e7as e jovens. J\u00e1 a Secretaria Municipal de Fazenda (Semfaz) esteve presente orientando \u00e0 comunidade quanto \u00e0 regulariza\u00e7\u00e3o fundi\u00e1ria e IPTU.\u00a0\u00a0<br \/>\n\u00a0\u00a0<br \/>\nA Delegacia Estadual de Sa\u00fade, tamb\u00e9m esteve colaborando com o evento, como tamb\u00e9m a 3\u00ba Ciretran, Ceulji\/Ulbra, Unijipa, Unopar, 2\u00ba Batalh\u00e3o de Pol\u00edcia Militar, 2\u00ba Agrupamento de Bombeiros e Secretaria de Estado de Meio Ambiente. \u00a0\u00a0<\/span><\/p>\n","protected":false},"excerpt":{"rendered":"<p>Aconteceu no \u00faltimo dia 26 mais uma edi\u00e7\u00e3o do Domingo Total em Ji-Paran\u00e1 Rond\u00f4nia. A 2\u00aa\u00a0 edi\u00e7\u00e3o deste ano foi realizado na Escola Estadual de Ensino Fundamenta Juscelino Kubtschek (JK), no bairro Nova Bras\u00edlia, das 8 \u00e0s 12 horas, promovido pela Secretaria Municipal de A\u00e7\u00e3o Social de Ji-Paran\u00e1 (Semas), em parceria com o Governo do [&hellip;]<\/p>\n","protected":false},"author":2,"featured_media":0,"comment_status":"open","ping_status":"open","sticky":false,"template":"","format":"standard","meta":{"tdm_status":"","tdm_grid_status":"","footnotes":""},"categories":[22],"tags":[],"class_list":{"0":"post-6673","1":"post","2":"type-post","3":"status-publish","4":"format-standard","6":"category-brasil"},"_links":{"self":[{"href":"https:\/\/migracao.redenoticia.com.br\/noticia\/wp-json\/wp\/v2\/posts\/6673","targetHints":{"allow":["GET"]}}],"collection":[{"href":"https:\/\/migracao.redenoticia.com.br\/noticia\/wp-json\/wp\/v2\/posts"}],"about":[{"href":"https:\/\/migracao.redenoticia.com.br\/noticia\/wp-json\/wp\/v2\/types\/post"}],"author":[{"embeddable":true,"href":"https:\/\/migracao.redenoticia.com.br\/noticia\/wp-json\/wp\/v2\/users\/2"}],"replies":[{"embeddable":true,"href":"https:\/\/migracao.redenoticia.com.br\/noticia\/wp-json\/wp\/v2\/comments?post=6673"}],"version-history":[{"count":0,"href":"https:\/\/migracao.redenoticia.com.br\/noticia\/wp-json\/wp\/v2\/posts\/6673\/revisions"}],"wp:attachment":[{"href":"https:\/\/migracao.redenoticia.com.br\/noticia\/wp-json\/wp\/v2\/media?parent=6673"}],"wp:term":[{"taxonomy":"category","embeddable":true,"href":"https:\/\/migracao.redenoticia.com.br\/noticia\/wp-json\/wp\/v2\/categories?post=6673"},{"taxonomy":"post_tag","embeddable":true,"href":"https:\/\/migracao.redenoticia.com.br\/noticia\/wp-json\/wp\/v2\/tags?post=6673"}],"curies":[{"name":"wp","href":"https:\/\/api.w.org\/{rel}","templated":true}]}}