{"id":6675,"date":"2009-07-27T22:35:30","date_gmt":"2009-07-28T02:35:30","guid":{"rendered":"http:\/\/www.redenoticia.com.br\/noticia\/?p=6675"},"modified":"2009-08-05T00:30:33","modified_gmt":"2009-08-05T04:30:33","slug":"a-fazenda-fica-28-minutos-em-primeiro-lugar-na-rede-record-e-vence-o-reality-show-da-concorrencia-mais-uma-vez","status":"publish","type":"post","link":"https:\/\/migracao.redenoticia.com.br\/noticia\/2009\/a-fazenda-fica-28-minutos-em-primeiro-lugar-na-rede-record-e-vence-o-reality-show-da-concorrencia-mais-uma-vez\/6675","title":{"rendered":"A Fazenda fica 28 minutos em primeiro lugar na Rede Record e vence o reality show da concorr\u00eancia mais uma vez"},"content":{"rendered":"<p>Com a sa\u00edda de Jonathan da Fazenda da Rede Record, em S\u00e3o Paulo o programa exibido ontem (26\/07) consolidou a vice-lideran\u00e7a isolada no ranking das audi\u00eancias e alcan\u00e7ou a lideran\u00e7a isolada por 28 minutos. A atra\u00e7\u00e3o exibida na faixa das 21h29 \u00e0s 23h35 registrou 16 pontos de m\u00e9dia, 25 de pico e 25% de share.<\/p>\n<p>Na faixa de confronto com o reality show da emissora concorrente, das 23h06 \u00e0s 23h35, a Fazenda da Rede Record venceu com 23 pontos contra 16, em alguns momentos abrindo diferen\u00e7a de at\u00e9 11 pontos.<\/p>\n<p>No Rio de Janeiro, o programa A Fazenda da Rede Record ficou com 17 pontos de m\u00e9dia, 26% de share, na faixa das 21h29 \u00e0s 23h35, garantindo tamb\u00e9m a vice-lideran\u00e7a isolada no ranking de audi\u00eancias. Na faixa em que A Fazenda confrontou com o reality show da concorr\u00eancia, das 23h06 \u00e0s 23h35, a Record ficou na lideran\u00e7a isolada com 22 pontos, contra 17 da principal concorrente.<\/p>\n<p>Fonte: Ibope MW GSP\/ GRJ dados domiciliares (Os \u00edndices apresentados s\u00e3o n\u00fameros consolidados, destacando o patamar de audi\u00eancia sem casa decimal).<\/p>\n","protected":false},"excerpt":{"rendered":"<p>Com a sa\u00edda de Jonathan da Fazenda da Rede Record, em S\u00e3o Paulo o programa exibido ontem (26\/07) consolidou a vice-lideran\u00e7a isolada no ranking das audi\u00eancias e alcan\u00e7ou a lideran\u00e7a isolada por 28 minutos. A atra\u00e7\u00e3o exibida na faixa das 21h29 \u00e0s 23h35 registrou 16 pontos de m\u00e9dia, 25 de pico e 25% de share. [&hellip;]<\/p>\n","protected":false},"author":2,"featured_media":0,"comment_status":"open","ping_status":"open","sticky":false,"template":"","format":"standard","meta":{"tdm_status":"","tdm_grid_status":"","footnotes":""},"categories":[22,343],"tags":[],"class_list":{"0":"post-6675","1":"post","2":"type-post","3":"status-publish","4":"format-standard","6":"category-brasil","7":"category-televisao"},"_links":{"self":[{"href":"https:\/\/migracao.redenoticia.com.br\/noticia\/wp-json\/wp\/v2\/posts\/6675","targetHints":{"allow":["GET"]}}],"collection":[{"href":"https:\/\/migracao.redenoticia.com.br\/noticia\/wp-json\/wp\/v2\/posts"}],"about":[{"href":"https:\/\/migracao.redenoticia.com.br\/noticia\/wp-json\/wp\/v2\/types\/post"}],"author":[{"embeddable":true,"href":"https:\/\/migracao.redenoticia.com.br\/noticia\/wp-json\/wp\/v2\/users\/2"}],"replies":[{"embeddable":true,"href":"https:\/\/migracao.redenoticia.com.br\/noticia\/wp-json\/wp\/v2\/comments?post=6675"}],"version-history":[{"count":0,"href":"https:\/\/migracao.redenoticia.com.br\/noticia\/wp-json\/wp\/v2\/posts\/6675\/revisions"}],"wp:attachment":[{"href":"https:\/\/migracao.redenoticia.com.br\/noticia\/wp-json\/wp\/v2\/media?parent=6675"}],"wp:term":[{"taxonomy":"category","embeddable":true,"href":"https:\/\/migracao.redenoticia.com.br\/noticia\/wp-json\/wp\/v2\/categories?post=6675"},{"taxonomy":"post_tag","embeddable":true,"href":"https:\/\/migracao.redenoticia.com.br\/noticia\/wp-json\/wp\/v2\/tags?post=6675"}],"curies":[{"name":"wp","href":"https:\/\/api.w.org\/{rel}","templated":true}]}}