{"id":66769,"date":"2015-02-24T23:25:13","date_gmt":"2015-02-25T02:25:13","guid":{"rendered":"http:\/\/www.redenoticia.com.br\/noticia\/?p=66769"},"modified":"2018-08-13T10:42:14","modified_gmt":"2018-08-13T13:42:14","slug":"bbb-15-votacao-em-angelica-luan-e-mariza-movimenta-as-enquetes","status":"publish","type":"post","link":"https:\/\/migracao.redenoticia.com.br\/noticia\/2015\/bbb-15-votacao-em-angelica-luan-e-mariza-movimenta-as-enquetes\/66769","title":{"rendered":"\u201cBBB\u201d 15: vota\u00e7\u00e3o em Ang\u00e9lica, Luan e Mariza movimentou as enquetes"},"content":{"rendered":"<p><a href=\"https:\/\/migracao.redenoticia.com.br\/noticia\/imagens\/bbb_enquete_votacao.jpg\"><img loading=\"lazy\" decoding=\"async\" class=\"alignleft size-medium wp-image-64479\" src=\"https:\/\/migracao.redenoticia.com.br\/noticia\/imagens\/bbb_enquete_votacao-187x187.jpg\" alt=\"bbb_enquete_votacao\" width=\"187\" height=\"187\" srcset=\"https:\/\/migracao.redenoticia.com.br\/noticia\/imagens\/bbb_enquete_votacao-187x187.jpg 187w, https:\/\/migracao.redenoticia.com.br\/noticia\/imagens\/bbb_enquete_votacao.jpg 300w, https:\/\/migracao.redenoticia.com.br\/noticia\/imagens\/bbb_enquete_votacao-150x150.jpg 150w, https:\/\/migracao.redenoticia.com.br\/noticia\/imagens\/bbb_enquete_votacao-110x110.jpg 110w, https:\/\/migracao.redenoticia.com.br\/noticia\/imagens\/bbb_enquete_votacao-50x50.jpg 50w\" sizes=\"auto, (max-width: 187px) 100vw, 187px\" \/><\/a><em><strong>\u201cBBB&#8221; 15 vota\u00e7\u00e3o enquete<\/strong><\/em>: em 24\/02, Pedro Bial anunciou que Ang\u00e9lica recebeu 69% dos votos oficiais e foi eliminada do \u201cBBB\u201d 15. O pared\u00e3o come\u00e7ou em 22\/02, quando o apresentador Pedro Bial anunciou o decreto do Big Fone: Luan atendeu a liga\u00e7\u00e3o e foi emparedado. Logo depois, o anjo Tamires imunizou Talita. O L\u00edder Fernando indicou Ang\u00e9lica para o pared\u00e3o. Na vota\u00e7\u00e3o da casa Amanda, Tamires, Luan e Talita votaram na Mariza; Adrilles e Mariza votaram no Rafael. C\u00e9zar votou na Amanda. Ang\u00e9lica e Rafael votaram no C\u00e9zar. No programa ao vivo, o apresentador Pedro Bial deu largada na vota\u00e7\u00e3o do pared\u00e3o triplo: Luan (indicado pelo Big Fone), Ang\u00e9lica (indicada pelo L\u00edder) e Mariza (mais votada pela casa). A vota\u00e7\u00e3o do p\u00fablico aconteceu at\u00e9 o programa ao vivo desta ter\u00e7a-feira, 24\/02.<\/p>\n<p>Vota\u00e7\u00e3o em Ang\u00e9lica, Luan e Mariza movimentou as enquetes:<\/p>\n<p>Evolu\u00e7\u00e3o da vota\u00e7\u00e3o na enquete Rede Not\u00edcia: Quem deve sair do &#8220;BBB&#8221; 15?<br \/>\n(22\/02 23h46) Angelica 66,6%, Mariza 20,21% e Luan 13,19%.<br \/>\n(23\/02 14h31) Angelica 47,97%, Luan 38,07% e Mariza 13,96%.<br \/>\n(24\/02 00h30) Angelica 58,36%, Luan 25,27% e Mariza 16,36%.<br \/>\n(24\/02 17h49) Angelica 60,96%, Luan 22,65% e Mariza 16.39%.<br \/>\n(24\/02 23h19) Angelica 62,42%, Luan 20,52% e Mariza 17,06%.<br \/>\nTotal Votos 217.133.<\/p>\n<p>Evolu\u00e7\u00e3o da vota\u00e7\u00e3o na enquete Uol &#8211; Quem ser\u00e1 eliminado?<br \/>\n(22\/02 23h46) Ang\u00e9lica 69,15%, Luan 12,87% e Mariza 17,97%.<br \/>\n(23\/02 14h31) Ang\u00e9lica 72,51%, Luan 12,85% e Mariza 14,64%.<br \/>\n(24\/02 00h30) Ang\u00e9lica 71,32%, Luan 14,24% e Mariza 14,44%.<br \/>\n(24\/02 17h49) Ang\u00e9lica 70,48%, Luan 15,39% e Mariza 14,13%.<br \/>\n(24\/02 23h19) Ang\u00e9lica 70,46%, Luan 15,35% e Mariza 14,19%<br \/>\nTotal votos 1.416.687.<\/p>\n<p>A vota\u00e7\u00e3o oficial aconteceu no endere\u00e7o da\u00a0<a href=\"http:\/\/gshow.globo.com\/bbb\/bbb15\/index.html\" target=\"_blank\">Rede Globo \u201cBBB&#8221; 15<\/a> at\u00e9 o programa de elimina\u00e7\u00e3o ao vivo.<\/p>\n<p>Fonte \u201cBBB&#8221; 15 \u2013 Vota\u00e7\u00e3o Enquete<\/p>\n<p>&#8212;<br \/>\nConcorrentes \u201cBBB&#8221; 15 que entraram na casa em 20\/01: Adrilles, 40 anos, escritor de Belo Horizonte (MG); Amanda, 28 anos, empres\u00e1ria de S\u00e3o Paulo (SP); Ang\u00e9lica, 33 anos, auxiliar de enfermagem de Embu das Artes (SP); C\u00e9zar, 30 anos, estudante de direito de Guarapuava (PR); Douglas, 29 anos, motoboy de S\u00e3o Paulo (SP); Fernando, 32 anos, produtor cultural do Rio de Janeiro (RJ); Francieli, 36 anos, conciliadora criminal de Porto Alegre (RS); Luan, 23 anos, gerente de sal\u00e3o de beleza de Mesquita (RJ); Marco, 35 anos, te\u00f3logo de Curitiba (PR); Mariza, 51 anos, professora de artes de Recife (PE); Rafael, 21 anos, estudante de administra\u00e7\u00e3o de Vit\u00f3ria (ES); Talita, 22 anos, aeromo\u00e7a de Goi\u00e2nia (GO); e Tamires, 24 anos, cirurgi\u00e3 dentista de S\u00e3o Paulo (SP). Aline, 24 anos, de Belo Horizonte, entrou oficialmente no programa no dia 25\/01.<\/p>\n","protected":false},"excerpt":{"rendered":"<p>\u201cBBB&#8221; 15 vota\u00e7\u00e3o enquete: em 24\/02, Pedro Bial anunciou que Ang\u00e9lica recebeu 69% dos votos oficiais e foi eliminada do \u201cBBB\u201d 15. O pared\u00e3o come\u00e7ou em 22\/02, quando o apresentador Pedro Bial anunciou o decreto do Big Fone: Luan atendeu a liga\u00e7\u00e3o e foi emparedado. Logo depois, o anjo Tamires imunizou Talita. O L\u00edder Fernando [&hellip;]<\/p>\n","protected":false},"author":2,"featured_media":64479,"comment_status":"open","ping_status":"closed","sticky":false,"template":"","format":"standard","meta":{"tdm_status":"","tdm_grid_status":"","footnotes":""},"categories":[520,375,343],"tags":[],"class_list":{"0":"post-66769","1":"post","2":"type-post","3":"status-publish","4":"format-standard","5":"has-post-thumbnail","7":"category-big-brother-brasil","8":"category-rede-globo","9":"category-televisao"},"_links":{"self":[{"href":"https:\/\/migracao.redenoticia.com.br\/noticia\/wp-json\/wp\/v2\/posts\/66769","targetHints":{"allow":["GET"]}}],"collection":[{"href":"https:\/\/migracao.redenoticia.com.br\/noticia\/wp-json\/wp\/v2\/posts"}],"about":[{"href":"https:\/\/migracao.redenoticia.com.br\/noticia\/wp-json\/wp\/v2\/types\/post"}],"author":[{"embeddable":true,"href":"https:\/\/migracao.redenoticia.com.br\/noticia\/wp-json\/wp\/v2\/users\/2"}],"replies":[{"embeddable":true,"href":"https:\/\/migracao.redenoticia.com.br\/noticia\/wp-json\/wp\/v2\/comments?post=66769"}],"version-history":[{"count":0,"href":"https:\/\/migracao.redenoticia.com.br\/noticia\/wp-json\/wp\/v2\/posts\/66769\/revisions"}],"wp:featuredmedia":[{"embeddable":true,"href":"https:\/\/migracao.redenoticia.com.br\/noticia\/wp-json\/wp\/v2\/media\/64479"}],"wp:attachment":[{"href":"https:\/\/migracao.redenoticia.com.br\/noticia\/wp-json\/wp\/v2\/media?parent=66769"}],"wp:term":[{"taxonomy":"category","embeddable":true,"href":"https:\/\/migracao.redenoticia.com.br\/noticia\/wp-json\/wp\/v2\/categories?post=66769"},{"taxonomy":"post_tag","embeddable":true,"href":"https:\/\/migracao.redenoticia.com.br\/noticia\/wp-json\/wp\/v2\/tags?post=66769"}],"curies":[{"name":"wp","href":"https:\/\/api.w.org\/{rel}","templated":true}]}}