{"id":6677,"date":"2009-07-27T22:42:07","date_gmt":"2009-07-28T02:42:07","guid":{"rendered":"http:\/\/www.redenoticia.com.br\/noticia\/?p=6677"},"modified":"2009-07-27T22:42:07","modified_gmt":"2009-07-28T02:42:07","slug":"jornal-da-rede-record-revela-os-limites-da-beleza","status":"publish","type":"post","link":"https:\/\/migracao.redenoticia.com.br\/noticia\/2009\/jornal-da-rede-record-revela-os-limites-da-beleza\/6677","title":{"rendered":"Jornal da Rede Record revela os limites da beleza"},"content":{"rendered":"<p>Na noite desta segunda-feira (27\/07) o tele jornal da Rede Record, apresentado por Ana Paula Padr\u00e3o e Celso Freitas, iniciou a exibi\u00e7\u00e3o da nova s\u00e9rie de reportagens especiais &#8220;Beleza e Sucesso&#8221;, sobre os limites da beleza.\u00a0A s\u00e9rie, que vai ao ar no Jornal da Rede Record at\u00e9 o pr\u00f3ximo s\u00e1bado (01\/08), vai revelar hist\u00f3rias de mulheres que se livraram do estigma de &#8220;patinho feio&#8221; e se transformaram em s\u00edmbolos de beleza.<\/p>\n<p>Um apelo \u00e0 vaidade e os sacrif\u00edcios em nome da beleza. Existem limites?\u00a0Os telespectadores da Rede Record v\u00e3o conhecer dramas da vida real que estar\u00e3o na nova novela da Record &#8220;Bela, a Feia&#8221; que estr\u00e9ia no dia 4 de agosto, \u00e0s 20h40.<\/p>\n<p>Da fic\u00e7\u00e3o \u00e0 realidade. Hist\u00f3rias de transforma\u00e7\u00e3o.\u00a0O Jornal da Rede Record vai ao ar \u00e0s 19h50.<\/p>\n<p>Nota &#8211; A Rede Record informa que o apresentador Gugu Liberato estreia na programa\u00e7\u00e3o dominical da emissora no pr\u00f3ximo dia 30 de agosto. Gugu j\u00e1 come\u00e7ou a preparar as atra\u00e7\u00f5es do seu programa. \u00a0No \u00faltimo final de semana, o apresentador viajou por todo o pa\u00eds, para produzir um dos quadros da atra\u00e7\u00e3o.<\/p>\n","protected":false},"excerpt":{"rendered":"<p>Na noite desta segunda-feira (27\/07) o tele jornal da Rede Record, apresentado por Ana Paula Padr\u00e3o e Celso Freitas, iniciou a exibi\u00e7\u00e3o da nova s\u00e9rie de reportagens especiais &#8220;Beleza e Sucesso&#8221;, sobre os limites da beleza.\u00a0A s\u00e9rie, que vai ao ar no Jornal da Rede Record at\u00e9 o pr\u00f3ximo s\u00e1bado (01\/08), vai revelar hist\u00f3rias de [&hellip;]<\/p>\n","protected":false},"author":2,"featured_media":0,"comment_status":"open","ping_status":"open","sticky":false,"template":"","format":"standard","meta":{"tdm_status":"","tdm_grid_status":"","footnotes":""},"categories":[22],"tags":[],"class_list":{"0":"post-6677","1":"post","2":"type-post","3":"status-publish","4":"format-standard","6":"category-brasil"},"_links":{"self":[{"href":"https:\/\/migracao.redenoticia.com.br\/noticia\/wp-json\/wp\/v2\/posts\/6677","targetHints":{"allow":["GET"]}}],"collection":[{"href":"https:\/\/migracao.redenoticia.com.br\/noticia\/wp-json\/wp\/v2\/posts"}],"about":[{"href":"https:\/\/migracao.redenoticia.com.br\/noticia\/wp-json\/wp\/v2\/types\/post"}],"author":[{"embeddable":true,"href":"https:\/\/migracao.redenoticia.com.br\/noticia\/wp-json\/wp\/v2\/users\/2"}],"replies":[{"embeddable":true,"href":"https:\/\/migracao.redenoticia.com.br\/noticia\/wp-json\/wp\/v2\/comments?post=6677"}],"version-history":[{"count":0,"href":"https:\/\/migracao.redenoticia.com.br\/noticia\/wp-json\/wp\/v2\/posts\/6677\/revisions"}],"wp:attachment":[{"href":"https:\/\/migracao.redenoticia.com.br\/noticia\/wp-json\/wp\/v2\/media?parent=6677"}],"wp:term":[{"taxonomy":"category","embeddable":true,"href":"https:\/\/migracao.redenoticia.com.br\/noticia\/wp-json\/wp\/v2\/categories?post=6677"},{"taxonomy":"post_tag","embeddable":true,"href":"https:\/\/migracao.redenoticia.com.br\/noticia\/wp-json\/wp\/v2\/tags?post=6677"}],"curies":[{"name":"wp","href":"https:\/\/api.w.org\/{rel}","templated":true}]}}