{"id":6680,"date":"2009-07-27T22:54:28","date_gmt":"2009-07-28T02:54:28","guid":{"rendered":"http:\/\/www.redenoticia.com.br\/noticia\/?p=6680"},"modified":"2009-07-27T22:54:28","modified_gmt":"2009-07-28T02:54:28","slug":"rede-record-destaca-beleza-na-comunidade-manaus-e-estreia-do-gugu","status":"publish","type":"post","link":"https:\/\/migracao.redenoticia.com.br\/noticia\/2009\/rede-record-destaca-beleza-na-comunidade-manaus-e-estreia-do-gugu\/6680","title":{"rendered":"Rede Record destaca Beleza na Comunidade Manaus  e estr\u00e9ia  do Gugu"},"content":{"rendered":"<p>A Rede Record informa que o apresentador Gugu Liberato estr\u00e9ia na programa\u00e7\u00e3o dominical da emissora no pr\u00f3ximo dia 30 de agosto. Gugu j\u00e1 come\u00e7ou a preparar as atra\u00e7\u00f5es do seu programa. No \u00faltimo final de semana, o apresentador Gugu viajou por todo o pa\u00eds, para produzir um dos quadros da atra\u00e7\u00e3o. (cr\u00e9dito da foto: Antonio Chahestian\/ Rede Record). E nesta quarta-feira, a partir das 9h30, o programa Hoje em Dia escolhe mais uma representante de um estado brasileiro no quadro Beleza na Comunidade. Desta vez, o j\u00fari da Rede Record selecionar\u00e1 a mais bela candidata que vive na periferia de Manaus.<br \/>\nHoje, 27\/07, a RECORD estr\u00e9ia tamb\u00e9m na Rede Record a quarta temporada in\u00e9dita da s\u00e9rie Todo mundo odeia o Chris. A temporada tem 22 epis\u00f3dios e conta as mais engra\u00e7adas hist\u00f3rias da fam\u00edlia de Chris Rock no Brooklyn, em Nova York, durante o in\u00edcio da d\u00e9cada de 80. A s\u00e9rie ser\u00e1 exibida de segunda a sexta, \u00e0s 14h40, e s\u00e1bado, \u00e0s 13h.<\/p>\n<p>A Rede Record apresenta tamb\u00e9m o CSI Miami, 3\u00aa temporada, na ter\u00e7a \u00e0s 23h45, onde um assassino, que estava prestes a ser executado no corredor da morte, teve sua senten\u00e7a suspensa depois que as provas que o incriminavam estragaram. Agora a equipe CSI ter\u00e1 que procurar novas provas para resolver o caso. Enquanto isso, os detetives recebem uma liga\u00e7\u00e3o de um outro crime muito parecido com esse que eles est\u00e3o resolvendo.<\/p>\n","protected":false},"excerpt":{"rendered":"<p>A Rede Record informa que o apresentador Gugu Liberato estr\u00e9ia na programa\u00e7\u00e3o dominical da emissora no pr\u00f3ximo dia 30 de agosto. Gugu j\u00e1 come\u00e7ou a preparar as atra\u00e7\u00f5es do seu programa. No \u00faltimo final de semana, o apresentador Gugu viajou por todo o pa\u00eds, para produzir um dos quadros da atra\u00e7\u00e3o. (cr\u00e9dito da foto: Antonio [&hellip;]<\/p>\n","protected":false},"author":2,"featured_media":0,"comment_status":"open","ping_status":"open","sticky":false,"template":"","format":"standard","meta":{"tdm_status":"","tdm_grid_status":"","footnotes":""},"categories":[22],"tags":[],"class_list":{"0":"post-6680","1":"post","2":"type-post","3":"status-publish","4":"format-standard","6":"category-brasil"},"_links":{"self":[{"href":"https:\/\/migracao.redenoticia.com.br\/noticia\/wp-json\/wp\/v2\/posts\/6680","targetHints":{"allow":["GET"]}}],"collection":[{"href":"https:\/\/migracao.redenoticia.com.br\/noticia\/wp-json\/wp\/v2\/posts"}],"about":[{"href":"https:\/\/migracao.redenoticia.com.br\/noticia\/wp-json\/wp\/v2\/types\/post"}],"author":[{"embeddable":true,"href":"https:\/\/migracao.redenoticia.com.br\/noticia\/wp-json\/wp\/v2\/users\/2"}],"replies":[{"embeddable":true,"href":"https:\/\/migracao.redenoticia.com.br\/noticia\/wp-json\/wp\/v2\/comments?post=6680"}],"version-history":[{"count":0,"href":"https:\/\/migracao.redenoticia.com.br\/noticia\/wp-json\/wp\/v2\/posts\/6680\/revisions"}],"wp:attachment":[{"href":"https:\/\/migracao.redenoticia.com.br\/noticia\/wp-json\/wp\/v2\/media?parent=6680"}],"wp:term":[{"taxonomy":"category","embeddable":true,"href":"https:\/\/migracao.redenoticia.com.br\/noticia\/wp-json\/wp\/v2\/categories?post=6680"},{"taxonomy":"post_tag","embeddable":true,"href":"https:\/\/migracao.redenoticia.com.br\/noticia\/wp-json\/wp\/v2\/tags?post=6680"}],"curies":[{"name":"wp","href":"https:\/\/api.w.org\/{rel}","templated":true}]}}