{"id":6682,"date":"2009-07-27T22:56:05","date_gmt":"2009-07-28T02:56:05","guid":{"rendered":"http:\/\/www.redenoticia.com.br\/noticia\/?p=6682"},"modified":"2009-07-27T22:56:05","modified_gmt":"2009-07-28T02:56:05","slug":"inss-paga-beneficios-com-final-2-nesta-terca-feira","status":"publish","type":"post","link":"https:\/\/migracao.redenoticia.com.br\/noticia\/2009\/inss-paga-beneficios-com-final-2-nesta-terca-feira\/6682","title":{"rendered":"INSS paga benef\u00edcios com final 2 nesta ter\u00e7a-feira"},"content":{"rendered":"<p>Aposentados, pensionistas e demais segurados do Instituto Nacional do Seguro Social (INSS) que ganham at\u00e9 um sal\u00e1rio m\u00ednimo e t\u00eam cart\u00e3o de pagamento com final 2, desconsiderando-se o d\u00edgito, t\u00eam seu benef\u00edcio depositado nesta ter\u00e7a-feira (28).\u00a0<\/p>\n<p>At\u00e9 o dia 7 de agosto, o INSS pagar\u00e1 a mais de 26 milh\u00f5es de benef\u00edcios em todo o Brasil. O pagamento de aposentados, pensionistas e demais segurados que recebem acima do sal\u00e1rio m\u00ednimo ter\u00e1 in\u00edcio no dia 3 de agosto, com a libera\u00e7\u00e3o para aqueles que t\u00eam cart\u00e3o com final 1 e 6.<\/p>\n<p>Os segurados que tiverem d\u00favidas sobre o calend\u00e1rio de pagamento podem ligar para os operadores da Central de Atendimento 135. A outra alternativa \u00e9 acessar o site da Previd\u00eancia Social (www.previdencia.gov.br) e clicar no link &#8220;Extrato de Pagamento de Benef\u00edcio&#8221;, que fica na se\u00e7\u00e3o \u201cAg\u00eancia Eletr\u00f4nica: Segurado\u201d. O segurado pode imprimir esse documento, que fica dispon\u00edvel a partir do in\u00edcio dos pagamentos do m\u00eas.<\/p>\n","protected":false},"excerpt":{"rendered":"<p>Aposentados, pensionistas e demais segurados do Instituto Nacional do Seguro Social (INSS) que ganham at\u00e9 um sal\u00e1rio m\u00ednimo e t\u00eam cart\u00e3o de pagamento com final 2, desconsiderando-se o d\u00edgito, t\u00eam seu benef\u00edcio depositado nesta ter\u00e7a-feira (28).\u00a0 At\u00e9 o dia 7 de agosto, o INSS pagar\u00e1 a mais de 26 milh\u00f5es de benef\u00edcios em todo o [&hellip;]<\/p>\n","protected":false},"author":2,"featured_media":0,"comment_status":"open","ping_status":"open","sticky":false,"template":"","format":"standard","meta":{"tdm_status":"","tdm_grid_status":"","footnotes":""},"categories":[22,7],"tags":[],"class_list":{"0":"post-6682","1":"post","2":"type-post","3":"status-publish","4":"format-standard","6":"category-brasil","7":"category-economia"},"_links":{"self":[{"href":"https:\/\/migracao.redenoticia.com.br\/noticia\/wp-json\/wp\/v2\/posts\/6682","targetHints":{"allow":["GET"]}}],"collection":[{"href":"https:\/\/migracao.redenoticia.com.br\/noticia\/wp-json\/wp\/v2\/posts"}],"about":[{"href":"https:\/\/migracao.redenoticia.com.br\/noticia\/wp-json\/wp\/v2\/types\/post"}],"author":[{"embeddable":true,"href":"https:\/\/migracao.redenoticia.com.br\/noticia\/wp-json\/wp\/v2\/users\/2"}],"replies":[{"embeddable":true,"href":"https:\/\/migracao.redenoticia.com.br\/noticia\/wp-json\/wp\/v2\/comments?post=6682"}],"version-history":[{"count":0,"href":"https:\/\/migracao.redenoticia.com.br\/noticia\/wp-json\/wp\/v2\/posts\/6682\/revisions"}],"wp:attachment":[{"href":"https:\/\/migracao.redenoticia.com.br\/noticia\/wp-json\/wp\/v2\/media?parent=6682"}],"wp:term":[{"taxonomy":"category","embeddable":true,"href":"https:\/\/migracao.redenoticia.com.br\/noticia\/wp-json\/wp\/v2\/categories?post=6682"},{"taxonomy":"post_tag","embeddable":true,"href":"https:\/\/migracao.redenoticia.com.br\/noticia\/wp-json\/wp\/v2\/tags?post=6682"}],"curies":[{"name":"wp","href":"https:\/\/api.w.org\/{rel}","templated":true}]}}