{"id":6686,"date":"2009-07-27T23:30:29","date_gmt":"2009-07-28T03:30:29","guid":{"rendered":"http:\/\/www.redenoticia.com.br\/noticia\/?p=6686"},"modified":"2009-07-27T23:30:29","modified_gmt":"2009-07-28T03:30:29","slug":"mec-plataforma-freire-lanca-guia-para-orientar-professores-na-inscricao-ao-curso-superior","status":"publish","type":"post","link":"https:\/\/migracao.redenoticia.com.br\/noticia\/2009\/mec-plataforma-freire-lanca-guia-para-orientar-professores-na-inscricao-ao-curso-superior\/6686","title":{"rendered":"MEC Plataforma Freire lan\u00e7a guia para orientar professores na inscri\u00e7\u00e3o ao curso superior"},"content":{"rendered":"<p style=\"margin-top: 0cm; margin-right: 2.85pt; margin-bottom: .0001pt; margin-left: 2.85pt;\"><span style=\"font-size: 11.0pt; font-family: Arial;\">O Minist\u00e9rio da Educa\u00e7\u00e3o (MEC), lan\u00e7a mais duas cartilhas para orientar professores na inscri\u00e7\u00e3o ao curso superior na Plataforma Freire. O Plano Nacional de Forma\u00e7\u00e3o de Professores conta agora com um guia, que cont\u00e9m respostas para as perguntas mais frequentes. Elaborado pela Diretoria de Educa\u00e7\u00e3o B\u00e1sica da Coordena\u00e7\u00e3o de Aperfei\u00e7oamento de Pessoal de N\u00edvel Superior (Capes), o guia \u00e9 formado por uma parte voltada para os professores e outra para os sistemas de educa\u00e7\u00e3o, com um total de 43 respostas, que esclarece d\u00favidas tamb\u00e9m sobre a plataforma freire. Quest\u00f5es como a quantidade de vagas nos cursos ou munic\u00edpios que participam do plano s\u00e3o encontradas no documento.<\/span><\/p>\n<p style=\"margin-top: 0cm; margin-right: 2.85pt; margin-bottom: .0001pt; margin-left: 2.85pt;\"><span style=\"font-size: 11.0pt; font-family: Arial;\"><br \/>\nA meta do plano, lan\u00e7ado em 28 de maio deste ano, \u00e9 formar, at\u00e9 2012, 330 mil professores que hoje d\u00e3o aulas sem ter licenciatura ou lecionam em \u00e1reas diferentes daquela em que tenham forma\u00e7\u00e3o. Est\u00e3o envolvidas na oferta de cursos 82 institui\u00e7\u00f5es de educa\u00e7\u00e3o superior p\u00fablicas (54 federais e 28 estaduais) e 14 comunit\u00e1rias e confessionais.<\/span><\/p>\n<p style=\"margin-top: 0cm; margin-right: 2.85pt; margin-bottom: .0001pt; margin-left: 2.85pt;\"><span style=\"font-size: 11.0pt; font-family: Arial;\"><br \/>\nOs cursos ser\u00e3o oferecidos pela Universidade Aberta do Brasil (UAB) \u2014 alguns come\u00e7am neste segundo semestre. Do total de vagas, 52% s\u00e3o oferecidas em cursos presenciais e 48%, a dist\u00e2ncia.<\/span><\/p>\n<p style=\"margin-top: 0cm; margin-right: 2.85pt; margin-bottom: .0001pt; margin-left: 2.85pt;\"><span style=\"font-size: 11.0pt; font-family: Arial;\"><br \/>\nO plano consolida a pol\u00edtica nacional de forma\u00e7\u00e3o de professores institu\u00edda pelo <span style=\"color: windowtext;\">Decreto n\u00ba 6.755<\/span>, de 29 de janeiro deste ano, que prev\u00ea regime de colabora\u00e7\u00e3o entre Uni\u00e3o, estados e munic\u00edpios na elabora\u00e7\u00e3o de plano estrat\u00e9gico de forma\u00e7\u00e3o inicial para os profissionais que atuam em escolas p\u00fablicas. A a\u00e7\u00e3o faz parte do Plano de Desenvolvimento da Educa\u00e7\u00e3o (PDE), em vigor desde abril de 2007.<\/span><\/p>\n<p style=\"margin-top: 0cm; margin-right: 2.85pt; margin-bottom: .0001pt; margin-left: 2.85pt;\"><span style=\"font-size: 11.0pt; font-family: Arial;\"><br \/>\nO guia, com os documentos destinados a <a href=\"http:\/\/www.capes.gov.br\/educacao-basica\/faq-professores\" target=\"_blank\"><span style=\"color: windowtext;\">professores<\/span><\/a> e <a href=\"http:\/\/www.capes.gov.br\/educacao-basica\/faq-sistemas\" target=\"_blank\"><span style=\"color: windowtext;\">sistemas<\/span><\/a> est\u00e1 dispon\u00edvel na p\u00e1gina eletr\u00f4nica da Capes.<\/p>\n<p>Assessoria de Imprensa da Capes<\/span><\/p>\n","protected":false},"excerpt":{"rendered":"<p>O Minist\u00e9rio da Educa\u00e7\u00e3o (MEC), lan\u00e7a mais duas cartilhas para orientar professores na inscri\u00e7\u00e3o ao curso superior na Plataforma Freire. O Plano Nacional de Forma\u00e7\u00e3o de Professores conta agora com um guia, que cont\u00e9m respostas para as perguntas mais frequentes. Elaborado pela Diretoria de Educa\u00e7\u00e3o B\u00e1sica da Coordena\u00e7\u00e3o de Aperfei\u00e7oamento de Pessoal de N\u00edvel Superior [&hellip;]<\/p>\n","protected":false},"author":2,"featured_media":0,"comment_status":"open","ping_status":"open","sticky":false,"template":"","format":"standard","meta":{"tdm_status":"","tdm_grid_status":"","footnotes":""},"categories":[22],"tags":[],"class_list":{"0":"post-6686","1":"post","2":"type-post","3":"status-publish","4":"format-standard","6":"category-brasil"},"_links":{"self":[{"href":"https:\/\/migracao.redenoticia.com.br\/noticia\/wp-json\/wp\/v2\/posts\/6686","targetHints":{"allow":["GET"]}}],"collection":[{"href":"https:\/\/migracao.redenoticia.com.br\/noticia\/wp-json\/wp\/v2\/posts"}],"about":[{"href":"https:\/\/migracao.redenoticia.com.br\/noticia\/wp-json\/wp\/v2\/types\/post"}],"author":[{"embeddable":true,"href":"https:\/\/migracao.redenoticia.com.br\/noticia\/wp-json\/wp\/v2\/users\/2"}],"replies":[{"embeddable":true,"href":"https:\/\/migracao.redenoticia.com.br\/noticia\/wp-json\/wp\/v2\/comments?post=6686"}],"version-history":[{"count":0,"href":"https:\/\/migracao.redenoticia.com.br\/noticia\/wp-json\/wp\/v2\/posts\/6686\/revisions"}],"wp:attachment":[{"href":"https:\/\/migracao.redenoticia.com.br\/noticia\/wp-json\/wp\/v2\/media?parent=6686"}],"wp:term":[{"taxonomy":"category","embeddable":true,"href":"https:\/\/migracao.redenoticia.com.br\/noticia\/wp-json\/wp\/v2\/categories?post=6686"},{"taxonomy":"post_tag","embeddable":true,"href":"https:\/\/migracao.redenoticia.com.br\/noticia\/wp-json\/wp\/v2\/tags?post=6686"}],"curies":[{"name":"wp","href":"https:\/\/api.w.org\/{rel}","templated":true}]}}