{"id":6693,"date":"2009-07-28T09:48:21","date_gmt":"2009-07-28T13:48:21","guid":{"rendered":"http:\/\/www.redenoticia.com.br\/noticia\/?p=6693"},"modified":"2009-07-29T11:33:04","modified_gmt":"2009-07-29T15:33:04","slug":"climatempo-julho-quente-em-belo-horizonte","status":"publish","type":"post","link":"https:\/\/migracao.redenoticia.com.br\/noticia\/2009\/climatempo-julho-quente-em-belo-horizonte\/6693","title":{"rendered":"Climatempo: julho quente em Belo Horizonte"},"content":{"rendered":"<p>Segundo a Climatempo, ar seco impede a forma\u00e7\u00e3o de nuvens de chuva na capital mineira. Belo Horizonte est\u00e1 tendo um julho seco, como \u00e9 comum, por\u00e9m quente demais. Nem a forte onda de frio que gelou o Sul do Brasil no \u00faltimo fim de semana conseguiu chegar \u00e0 capital mineira. Na sexta-feira passada, 24 de julho, os term\u00f4metros chegaram aos 29\u00baC em Belo Horizonte.\u00a0<\/p>\n<p>De acordo com os registros do Instituto Nacional de Meteorologia, foi a maior temperatura na cidade desde o dia 6 de abril, quando a m\u00e1xima chegou aos 29,3\u00baC. Se depender dos ventos, a capital mineira vai terminar julho de 2009 quente demais. N\u00e3o h\u00e1 expectativa de entrada de ventos polares fortes na cidade at\u00e9 o fim do m\u00eas.<\/p>\n<p>Segundo o Instituto Nacional de Meteorologia, at\u00e9 o \u00faltimo domingo, a m\u00e9dia das temperaturas m\u00ednimas registradas ao amanhecer em Belo Horizonte estava em torno de 16\u00baC, 3\u00baC acima do normal. As tardes da capital de Minas Gerais tamb\u00e9m andam mais quentes. At\u00e9 o dia 26 de julho, a m\u00e9dia das m\u00e1ximas estava 1,4\u00baC acima do normal.<\/p>\n<p>Como \u00e9 comum nesta \u00e9poca, quase n\u00e3o chove em Belo Horizonte. O total acumulado desde o in\u00edcio do m\u00eas at\u00e9 o dia 27 de julho est\u00e1 em 0,2 mil\u00edmetros. A m\u00e9dia \u00e9 de aproximadamente 16 mil\u00edmetros.<\/p>\n<p>Amanh\u00e3, a capital mineira ter\u00e1 mais um dia de sol sem chuva. A forte massa de ar seco que predomina sobre quase todo o Estado impede que a forma\u00e7\u00e3o de nuvens de chuva e dificulta a entrada de frentes frias. Nesta quarta-feira, apenas o sul de Minas ter\u00e1 pancadas de chuva.<\/p>\n","protected":false},"excerpt":{"rendered":"<p>Segundo a Climatempo, ar seco impede a forma\u00e7\u00e3o de nuvens de chuva na capital mineira. Belo Horizonte est\u00e1 tendo um julho seco, como \u00e9 comum, por\u00e9m quente demais. Nem a forte onda de frio que gelou o Sul do Brasil no \u00faltimo fim de semana conseguiu chegar \u00e0 capital mineira. Na sexta-feira passada, 24 de [&hellip;]<\/p>\n","protected":false},"author":2,"featured_media":0,"comment_status":"open","ping_status":"open","sticky":false,"template":"","format":"standard","meta":{"tdm_status":"","tdm_grid_status":"","footnotes":""},"categories":[22,327],"tags":[],"class_list":{"0":"post-6693","1":"post","2":"type-post","3":"status-publish","4":"format-standard","6":"category-brasil","7":"category-clima"},"_links":{"self":[{"href":"https:\/\/migracao.redenoticia.com.br\/noticia\/wp-json\/wp\/v2\/posts\/6693","targetHints":{"allow":["GET"]}}],"collection":[{"href":"https:\/\/migracao.redenoticia.com.br\/noticia\/wp-json\/wp\/v2\/posts"}],"about":[{"href":"https:\/\/migracao.redenoticia.com.br\/noticia\/wp-json\/wp\/v2\/types\/post"}],"author":[{"embeddable":true,"href":"https:\/\/migracao.redenoticia.com.br\/noticia\/wp-json\/wp\/v2\/users\/2"}],"replies":[{"embeddable":true,"href":"https:\/\/migracao.redenoticia.com.br\/noticia\/wp-json\/wp\/v2\/comments?post=6693"}],"version-history":[{"count":0,"href":"https:\/\/migracao.redenoticia.com.br\/noticia\/wp-json\/wp\/v2\/posts\/6693\/revisions"}],"wp:attachment":[{"href":"https:\/\/migracao.redenoticia.com.br\/noticia\/wp-json\/wp\/v2\/media?parent=6693"}],"wp:term":[{"taxonomy":"category","embeddable":true,"href":"https:\/\/migracao.redenoticia.com.br\/noticia\/wp-json\/wp\/v2\/categories?post=6693"},{"taxonomy":"post_tag","embeddable":true,"href":"https:\/\/migracao.redenoticia.com.br\/noticia\/wp-json\/wp\/v2\/tags?post=6693"}],"curies":[{"name":"wp","href":"https:\/\/api.w.org\/{rel}","templated":true}]}}