{"id":6695,"date":"2009-07-28T09:53:29","date_gmt":"2009-07-28T13:53:29","guid":{"rendered":"http:\/\/www.redenoticia.com.br\/noticia\/?p=6695"},"modified":"2009-07-29T11:32:47","modified_gmt":"2009-07-29T15:32:47","slug":"climatempo-preve-calor-em-brasilia-e-em-goiania","status":"publish","type":"post","link":"https:\/\/migracao.redenoticia.com.br\/noticia\/2009\/climatempo-preve-calor-em-brasilia-e-em-goiania\/6695","title":{"rendered":"Climatempo prev\u00ea calor em Bras\u00edlia e em Goi\u00e2nia"},"content":{"rendered":"<p>Climatempo prev\u00ea que calor e tempo seco continuar\u00e1 intenso em Bras\u00edlia e em Goi\u00e2nia. Cuiab\u00e1 e Campo Grande gelaram no \u00faltimo fim de semana, quando receberam o ar frio da massa polar mais intensa deste ano. Em Cuiab\u00e1, o s\u00e1bado passado foi o dia mais frio do ano, com temperatura m\u00ednima de 9,8\u00baC e m\u00e1xima de apenas 15,8\u00baC. Em Campo Grande, a menor temperatura deste ano foi registrada ao amanhecer do s\u00e1bado, quando a m\u00ednima foi de 5,5\u00baC. Mas este ar frio intenso foi bloqueado por fortes ventos nos n\u00edveis superiores da atmosfera e n\u00e3o conseguiu chegar a Goi\u00e2nia e nem a Bras\u00edlia. As duas cidades t\u00eam tido dias ensolarados, muito quentes e secos, que s\u00e3o caracter\u00edsticas de julho, mas as temperaturas est\u00e3o muito acima do normal.\u00a0<br \/>\nNo s\u00e1bado passado, a temperatura \u00e0 tarde em Goi\u00e2nia chegou aos 33,6 \u00baC, de acordo com Instituto Nacional de Meteorologia. Foi o maior valor desde o dia 6 de mar\u00e7o, quando a cidade registrou 34,6\u00baC, a maior temperatura deste ano. At\u00e9 o dia 27 de julho, a m\u00e9dia das temperaturas m\u00e1ximas estava 31,2\u00baC, valor que est\u00e1 2,3\u00baC acima do normal. As madrugadas de julho em Goi\u00e2nia est\u00e3o sendo quase 3\u00baC mais quentes. A temperatura m\u00ednima normal de julho \u00e9 de aproximadamente 13\u00baC, mas a m\u00e9dia das m\u00ednimas de julho est\u00e1 em torno dos 16\u00baC.<\/p>\n<p>Bras\u00edlia tamb\u00e9m anda menos fria do que o normal em julho. Desde o dia 21, a temperatura \u00e0 tarde tem oscilado entre 28\u00baC e 30\u00baC. No dia 21 de julho, o Instituto Nacional de Meteorologia registrou 29\u00baC de m\u00e1xima em Bras\u00edlia, o maior valor desde o dia 6 de mar\u00e7o. Do dia 1 at\u00e9 o dia 27 de julho, a m\u00e9dia das temperaturas m\u00e1ximas registradas na capital federal estava 1,1\u00baC acima do normal. A m\u00e9dia das temperaturas m\u00ednimas estava em 14,5\u00baC, o que significa 1,6\u00baC acima do padr\u00e3o.<\/p>\n<p>Ainda n\u00e3o houve nenhum registro de chuva em Bras\u00edlia este m\u00eas, o que \u00e9 absolutamente comum. A massa de ar seco que est\u00e1 sobre a regi\u00e3o central do Pa\u00eds tem deixado os dias ensolarados, quentes e secos em Goi\u00e1s e no Distrito Federal.<\/p>\n<p>Esta massa de ar seco impede a forma\u00e7\u00e3o de nuvens de chuva e dificulta a entrada de frentes frias. De acordo com os meteorologistas da Climatempo, a capital federal vai continuar sua rotina de seca por mais algumas semanas.<\/p>\n<p>Sobre o Grupo Climatempo<\/p>\n<p>O Grupo Climatempo \u00e9 a maior empresa privada de meteorologia do pa\u00eds. Uma holding formada pela Climatempo Consultoria, Ag\u00eancia Climatempo, a TV Climatempo e a CLIMANET (Internet, servi\u00e7os de tecnologia e inform\u00e1tica). Atualmente, o Grupo Climatempo fornece conte\u00fado para os principais portais do pa\u00eds, mais de 50 retransmissoras de televis\u00e3o do Brasil, r\u00e1dios e tem cerca de mil clientes. Os dois principais segmentos atendidos s\u00e3o o de agroneg\u00f3cios e meios de comunica\u00e7\u00e3o. Al\u00e9m destes, fornece conte\u00fado meteorol\u00f3gico estrat\u00e9gico para produtoras, a ind\u00fastria eletroeletr\u00f4nica e t\u00eaxtil, com\u00e9rcio, moda e turismo, constru\u00e7\u00e3o civil, setor de energia, entre outros setores.<\/p>\n","protected":false},"excerpt":{"rendered":"<p>Climatempo prev\u00ea que calor e tempo seco continuar\u00e1 intenso em Bras\u00edlia e em Goi\u00e2nia. Cuiab\u00e1 e Campo Grande gelaram no \u00faltimo fim de semana, quando receberam o ar frio da massa polar mais intensa deste ano. Em Cuiab\u00e1, o s\u00e1bado passado foi o dia mais frio do ano, com temperatura m\u00ednima de 9,8\u00baC e m\u00e1xima [&hellip;]<\/p>\n","protected":false},"author":2,"featured_media":0,"comment_status":"open","ping_status":"open","sticky":false,"template":"","format":"standard","meta":{"tdm_status":"","tdm_grid_status":"","footnotes":""},"categories":[22,327],"tags":[],"class_list":{"0":"post-6695","1":"post","2":"type-post","3":"status-publish","4":"format-standard","6":"category-brasil","7":"category-clima"},"_links":{"self":[{"href":"https:\/\/migracao.redenoticia.com.br\/noticia\/wp-json\/wp\/v2\/posts\/6695","targetHints":{"allow":["GET"]}}],"collection":[{"href":"https:\/\/migracao.redenoticia.com.br\/noticia\/wp-json\/wp\/v2\/posts"}],"about":[{"href":"https:\/\/migracao.redenoticia.com.br\/noticia\/wp-json\/wp\/v2\/types\/post"}],"author":[{"embeddable":true,"href":"https:\/\/migracao.redenoticia.com.br\/noticia\/wp-json\/wp\/v2\/users\/2"}],"replies":[{"embeddable":true,"href":"https:\/\/migracao.redenoticia.com.br\/noticia\/wp-json\/wp\/v2\/comments?post=6695"}],"version-history":[{"count":0,"href":"https:\/\/migracao.redenoticia.com.br\/noticia\/wp-json\/wp\/v2\/posts\/6695\/revisions"}],"wp:attachment":[{"href":"https:\/\/migracao.redenoticia.com.br\/noticia\/wp-json\/wp\/v2\/media?parent=6695"}],"wp:term":[{"taxonomy":"category","embeddable":true,"href":"https:\/\/migracao.redenoticia.com.br\/noticia\/wp-json\/wp\/v2\/categories?post=6695"},{"taxonomy":"post_tag","embeddable":true,"href":"https:\/\/migracao.redenoticia.com.br\/noticia\/wp-json\/wp\/v2\/tags?post=6695"}],"curies":[{"name":"wp","href":"https:\/\/api.w.org\/{rel}","templated":true}]}}