{"id":6697,"date":"2009-07-28T09:56:44","date_gmt":"2009-07-28T13:56:44","guid":{"rendered":"http:\/\/www.redenoticia.com.br\/noticia\/?p=6697"},"modified":"2009-07-28T12:12:59","modified_gmt":"2009-07-28T16:12:59","slug":"acre-desponta-para-o-turismo","status":"publish","type":"post","link":"https:\/\/migracao.redenoticia.com.br\/noticia\/2009\/acre-desponta-para-o-turismo\/6697","title":{"rendered":"Acre desponta para o turismo"},"content":{"rendered":"<p>Entre fatos e lendas, o Acre vai tra\u00e7ando uma nova trajet\u00f3ria na busca pelo desenvolvimento sustent\u00e1vel do turismo local. Com o olhar no passado e os p\u00e9s no futuro, o estado aposta em seus bens mais preciosos: a cultura do povo acreano e a farta oferta de recursos naturais para chamar aten\u00e7\u00e3o do Brasil e do mundo.<\/p>\n<p>A hist\u00f3ria do Acre \u00e9 a hist\u00f3ria da explora\u00e7\u00e3o da borracha, iniciada com a migra\u00e7\u00e3o de nordestinos no final do s\u00e9culo XIX. \u00c9 tamb\u00e9m a hist\u00f3ria dos ind\u00edgenas que, at\u00e9 ent\u00e3o, habitavam a regi\u00e3o. A luta de seringueiros, que tem como \u00edcone a figura do sindicalista Chico Mendes, e a cultura de mais de 14 na\u00e7\u00f5es ind\u00edgenas ali instaladas s\u00e3o a mat\u00e9ria prima dos roteiros tur\u00edsticos do estado.<\/p>\n<p>A pousada Ecol\u00f3gica Seringal Cachoeira, localizada em Xapuri, \u00e9 um exemplo bem sucedido de Parceria P\u00fablico Comunit\u00e1ria (PPC). O governo do Acre construiu, capacitou m\u00e3o-de-obra e passou a administra\u00e7\u00e3o do local para a associa\u00e7\u00e3o dos seringueiros da Reserva Extrativista. O empreendimento, r\u00e9plica de uma casa seringueira, emprega 30 pessoas e registra faturamento de R$ 25 mil a R$ 45 mil mensais, dependendo da esta\u00e7\u00e3o.<\/p>\n<p>O forte da pousada \u00e9 o Ecoturismo com incurs\u00f5es pela selva amaz\u00f4nica, que a circunda. O turista assiste a demonstra\u00e7\u00f5es de extra\u00e7\u00e3o do l\u00e1tex das seringueiras e pode abra\u00e7ar \u00e1rvores centen\u00e1rias, como uma Sumauma de 500 anos. O guia Nilson Mendes, um contador de hist\u00f3rias, sabe tudo sobre a mata: serventia das plantas, nome cient\u00edfico e popular das esp\u00e9cies, os h\u00e1bitos dos animais e at\u00e9 os encantos dos esp\u00edritos que ali habitam.<\/p>\n<p>Artesanato &#8211; O artesanato acreano tamb\u00e9m est\u00e1 sendo revisitado com a capacita\u00e7\u00e3o dos artes\u00e3os. A id\u00e9ia \u00e9 resgatar a identidade cultural do povo, trazendo componentes da flora amaz\u00f4nica &#8211; sementes, palhas, frutos e aromas &#8211; para as pe\u00e7as. &#8220;Estamos transmitindo nossa cultura para o artesanato e, com isso, agregando valor aos produtos&#8221;, explica o presidente da Casa do Artes\u00e3o, Carlos Taborga, premiado com o Top 100 do Sebrae pela confec\u00e7\u00e3o de velas arom\u00e1ticas feitas no ouri\u00e7o da castanha (ontem do Par\u00e1, hoje do Brasil).<\/p>\n<p>Rio Branco, capital do estado, \u00e9 outra demonstra\u00e7\u00e3o da preocupa\u00e7\u00e3o do governo acreano com o desenvolvimento da atividade tur\u00edstica. Pr\u00e9dios p\u00fablicos restaurados, como o Pal\u00e1cio Rio Branco (antiga sede do governo), pra\u00e7as revitalizadas, novos equipamentos para esporte e lazer podem ser vistos por toda parte.<\/p>\n<p>O Acre recebe cerca de 200 mil turistas por ano e, segundo o secret\u00e1rio de Turismo, Cassiano Marques, os esfor\u00e7os do governo local s\u00e3o no sentido de &#8220;inserir o estado no contexto do turismo nacional e internacional&#8221;.<\/p>\n<p>A capital acreana \u00e9 um dos 65 destinos indutores do desenvolvimento regional, que s\u00e3o prioridade nos investimentos do Minist\u00e9rio do Turismo. De 2003 a 2008, o MTur aplicou R$ 6,8 milh\u00f5es em projetos de infraestrutura e qualifica\u00e7\u00e3o profissional em todo o estado.<\/p>\n","protected":false},"excerpt":{"rendered":"<p>Entre fatos e lendas, o Acre vai tra\u00e7ando uma nova trajet\u00f3ria na busca pelo desenvolvimento sustent\u00e1vel do turismo local. Com o olhar no passado e os p\u00e9s no futuro, o estado aposta em seus bens mais preciosos: a cultura do povo acreano e a farta oferta de recursos naturais para chamar aten\u00e7\u00e3o do Brasil e [&hellip;]<\/p>\n","protected":false},"author":2,"featured_media":0,"comment_status":"open","ping_status":"open","sticky":false,"template":"","format":"standard","meta":{"tdm_status":"","tdm_grid_status":"","footnotes":""},"categories":[22],"tags":[],"class_list":{"0":"post-6697","1":"post","2":"type-post","3":"status-publish","4":"format-standard","6":"category-brasil"},"_links":{"self":[{"href":"https:\/\/migracao.redenoticia.com.br\/noticia\/wp-json\/wp\/v2\/posts\/6697","targetHints":{"allow":["GET"]}}],"collection":[{"href":"https:\/\/migracao.redenoticia.com.br\/noticia\/wp-json\/wp\/v2\/posts"}],"about":[{"href":"https:\/\/migracao.redenoticia.com.br\/noticia\/wp-json\/wp\/v2\/types\/post"}],"author":[{"embeddable":true,"href":"https:\/\/migracao.redenoticia.com.br\/noticia\/wp-json\/wp\/v2\/users\/2"}],"replies":[{"embeddable":true,"href":"https:\/\/migracao.redenoticia.com.br\/noticia\/wp-json\/wp\/v2\/comments?post=6697"}],"version-history":[{"count":0,"href":"https:\/\/migracao.redenoticia.com.br\/noticia\/wp-json\/wp\/v2\/posts\/6697\/revisions"}],"wp:attachment":[{"href":"https:\/\/migracao.redenoticia.com.br\/noticia\/wp-json\/wp\/v2\/media?parent=6697"}],"wp:term":[{"taxonomy":"category","embeddable":true,"href":"https:\/\/migracao.redenoticia.com.br\/noticia\/wp-json\/wp\/v2\/categories?post=6697"},{"taxonomy":"post_tag","embeddable":true,"href":"https:\/\/migracao.redenoticia.com.br\/noticia\/wp-json\/wp\/v2\/tags?post=6697"}],"curies":[{"name":"wp","href":"https:\/\/api.w.org\/{rel}","templated":true}]}}