{"id":6702,"date":"2009-07-28T10:20:59","date_gmt":"2009-07-28T14:20:59","guid":{"rendered":"http:\/\/www.redenoticia.com.br\/noticia\/?p=6702"},"modified":"2009-07-28T10:20:59","modified_gmt":"2009-07-28T14:20:59","slug":"climatempo-nova-frente-fria-reforca-as-areas-de-instabilidade-sobre-sao-paulo","status":"publish","type":"post","link":"https:\/\/migracao.redenoticia.com.br\/noticia\/2009\/climatempo-nova-frente-fria-reforca-as-areas-de-instabilidade-sobre-sao-paulo\/6702","title":{"rendered":"Climatempo: nova frente fria refor\u00e7a as \u00e1reas de instabilidade sobre S\u00e3o Paulo"},"content":{"rendered":"<p>Climatempo informa que nova frente fria refor\u00e7a instabilidade do clima em S\u00e3o Paulo. O tempo fica mais chuvoso na quinta e na sexta-feira, prev\u00ea a meteorologia da Climatempo \u00c1reas de instabilidade associadas \u00e0 passagem de uma frente fria deixam o tempo inst\u00e1vel no sul do Estado de S\u00e3o Paulo. Na capital e no litoral ocorrem algumas aberturas de sol no meio de muitas nuvens. As pancadas de chuva nesta ter\u00e7a-feira ocorrem no per\u00edodo da tarde. A temperatura m\u00e1xima prevista hoje em S\u00e3o Paulo \u00e9 de 23\u00baC.\u00a0<br \/>\nDesde 1943, nunca choveu tanto em julho na cidade de S\u00e3o Paulo, como est\u00e1 sendo observado em 2009. De acordo com o Instituto Nacional de Meteorologia, do dia 1\u00ba de julho at\u00e9 9 horas do dia 27 de julho, j\u00e1 foram acumulados 163 mil\u00edmetros no Mirante de Santana, a esta\u00e7\u00e3o meteorol\u00f3gica que faz as medi\u00e7\u00f5es de refer\u00eancia na cidade de S\u00e3o Paulo.<\/p>\n<p>Segundo os meteorologistas da Climatempo, a chuva ainda n\u00e3o vai parar. Amanh\u00e3, outra frente fria passa pelo litoral e a capital paulista e refor\u00e7a as \u00e1reas de instabilidade sobre a regi\u00e3o. Os ventos mar\u00edtimos continuam trazendo umidade para a Grande S\u00e3o Paulo e mant\u00e9m a forma\u00e7\u00e3o de nuvens de chuva. O tempo fica at\u00e9 mais chuvoso na quinta e na sexta-feira.<\/p>\n<p>Sobre o Grupo Climatempo<\/p>\n<p>O Grupo Climatempo \u00e9 a maior empresa privada de meteorologia do pa\u00eds. Uma holding formada pela Climatempo Consultoria, Ag\u00eancia Climatempo, a TV Climatempo e a CLIMANET (Internet, servi\u00e7os de tecnologia e inform\u00e1tica). Atualmente, o Grupo Climatempo fornece conte\u00fado para os principais portais do pa\u00eds, mais de 50 retransmissoras de televis\u00e3o do Brasil, r\u00e1dios e tem cerca de mil clientes. Os dois principais segmentos atendidos s\u00e3o o de agroneg\u00f3cios e meios de comunica\u00e7\u00e3o. Al\u00e9m destes, fornece conte\u00fado meteorol\u00f3gico estrat\u00e9gico para produtoras, a ind\u00fastria eletroeletr\u00f4nica e t\u00eaxtil, com\u00e9rcio, moda e turismo, constru\u00e7\u00e3o civil, setor de energia, entre outros setores.<\/p>\n","protected":false},"excerpt":{"rendered":"<p>Climatempo informa que nova frente fria refor\u00e7a instabilidade do clima em S\u00e3o Paulo. O tempo fica mais chuvoso na quinta e na sexta-feira, prev\u00ea a meteorologia da Climatempo \u00c1reas de instabilidade associadas \u00e0 passagem de uma frente fria deixam o tempo inst\u00e1vel no sul do Estado de S\u00e3o Paulo. Na capital e no litoral ocorrem [&hellip;]<\/p>\n","protected":false},"author":2,"featured_media":0,"comment_status":"open","ping_status":"open","sticky":false,"template":"","format":"standard","meta":{"tdm_status":"","tdm_grid_status":"","footnotes":""},"categories":[22],"tags":[],"class_list":{"0":"post-6702","1":"post","2":"type-post","3":"status-publish","4":"format-standard","6":"category-brasil"},"_links":{"self":[{"href":"https:\/\/migracao.redenoticia.com.br\/noticia\/wp-json\/wp\/v2\/posts\/6702","targetHints":{"allow":["GET"]}}],"collection":[{"href":"https:\/\/migracao.redenoticia.com.br\/noticia\/wp-json\/wp\/v2\/posts"}],"about":[{"href":"https:\/\/migracao.redenoticia.com.br\/noticia\/wp-json\/wp\/v2\/types\/post"}],"author":[{"embeddable":true,"href":"https:\/\/migracao.redenoticia.com.br\/noticia\/wp-json\/wp\/v2\/users\/2"}],"replies":[{"embeddable":true,"href":"https:\/\/migracao.redenoticia.com.br\/noticia\/wp-json\/wp\/v2\/comments?post=6702"}],"version-history":[{"count":0,"href":"https:\/\/migracao.redenoticia.com.br\/noticia\/wp-json\/wp\/v2\/posts\/6702\/revisions"}],"wp:attachment":[{"href":"https:\/\/migracao.redenoticia.com.br\/noticia\/wp-json\/wp\/v2\/media?parent=6702"}],"wp:term":[{"taxonomy":"category","embeddable":true,"href":"https:\/\/migracao.redenoticia.com.br\/noticia\/wp-json\/wp\/v2\/categories?post=6702"},{"taxonomy":"post_tag","embeddable":true,"href":"https:\/\/migracao.redenoticia.com.br\/noticia\/wp-json\/wp\/v2\/tags?post=6702"}],"curies":[{"name":"wp","href":"https:\/\/api.w.org\/{rel}","templated":true}]}}