{"id":67023,"date":"2021-10-26T01:10:26","date_gmt":"2021-10-26T04:10:26","guid":{"rendered":"http:\/\/www.redenoticia.com.br\/noticia\/?p=67023"},"modified":"2021-10-26T17:55:26","modified_gmt":"2021-10-26T20:55:26","slug":"novela-imperio-cristina-assusta-jose-alfredo","status":"publish","type":"post","link":"https:\/\/migracao.redenoticia.com.br\/noticia\/2021\/novela-imperio-cristina-assusta-jose-alfredo\/67023","title":{"rendered":"Novela \u201cImp\u00e9rio\u201d: Cristina aparece na igreja e assusta Jos\u00e9 Alfredo"},"content":{"rendered":"<p><img loading=\"lazy\" decoding=\"async\" src=\"https:\/\/migracao.redenoticia.com.br\/noticia\/imagens\/novela-imperio-resumo-elenco-globo.jpeg\" alt=\"\" width=\"1280\" height=\"720\" class=\"aligncenter size-full wp-image-205061\" srcset=\"https:\/\/migracao.redenoticia.com.br\/noticia\/imagens\/novela-imperio-resumo-elenco-globo.jpeg 1280w, https:\/\/migracao.redenoticia.com.br\/noticia\/imagens\/novela-imperio-resumo-elenco-globo-250x140.jpeg 250w, https:\/\/migracao.redenoticia.com.br\/noticia\/imagens\/novela-imperio-resumo-elenco-globo-400x225.jpeg 400w, https:\/\/migracao.redenoticia.com.br\/noticia\/imagens\/novela-imperio-resumo-elenco-globo-768x432.jpeg 768w, https:\/\/migracao.redenoticia.com.br\/noticia\/imagens\/novela-imperio-resumo-elenco-globo-150x85.jpeg 150w\" sizes=\"auto, (max-width: 1280px) 100vw, 1280px\" \/><\/p>\n<p><em><strong>Novela \u201cImp\u00e9rio\u201d:<\/strong><\/em> Maria Clara (Andrea Horta) chama Cristina (Leandra Leal) para ajud\u00e1-la a vestir seu vestido de noiva. A noiva elogia Vicente (Rafael Cardoso) e Cristina tenta desconversar. Clara pergunta sobre a intimidade da irm\u00e3 com o noivo e Cristina estressa. Clara insiste e Cristina confessar\u00e1 que era a melhor coisa do mundo. <\/p>\n<p>A noiva continua com a provoca\u00e7\u00e3o e Cristina a espeta com uma agulha. A discuss\u00e3o fica intensa e Cristina rasga o vestido da irm\u00e3. As duas trocam tapas e pux\u00f5es de cabelo. Sentadas no ch\u00e3o, as duas se divertem com a situa\u00e7\u00e3o. Clara declara que tem d\u00favida sobre o que sente por Vicente e Cristina assume que o ama. Cristina se veste de noiva e Clara segue para o aeroporto. Josu\u00e9 (Roberto Birindelli) leva Cristina na igreja e ela assusta Jos\u00e9 Alfredo (Alexandre Nero). A noiva recebe um beijo do comendador e, no altar, Vicente sorri. <\/p>\n<p>Fonte Rede Globo \u2013 nos pr\u00f3ximos cap\u00edtulos da novela \u201cImp\u00e9rio\u201d, Jos\u00e9 Alfredo desabafa com Josu\u00e9. Maur\u00edlio e Silviano conversam na porta da delegacia. Maria Marta vai \u00e0 casa de Maria \u00cdsis. Jos\u00e9 Alfredo fala ao telefone com Maria \u00cdsis. Salvador encontra um amigo pintor. Nan\u00e1 d\u00e1 um ultimato em Xana. Vicente conversa com Ant\u00f4nio e Luigi na cozinha. T\u00e9o Pereira termina a biografia do Comendador. Robert\u00e3o diz a \u00c9rika e T\u00e9o que vai acertar com Giancarlo os detalhes da viagem para o Jap\u00e3o. Maria Marta e Amanda desaprovam o vestido que Maria Clara escolheu para Cristina ir ao seu casamento com Vicente. Kelly faz hamb\u00fargueres no trailer de L\u00e9o e Amanda. Cl\u00e1udio e Beatriz conversam. Enrico e Beatriz falam ao telefone. Jos\u00e9 Alfredo discute com T\u00e9o. Cl\u00e1udio e Beatriz acertam os detalhes do casamento de Maria Clara e Vicente. <\/p>\n<p>Cristina e Maria Clara se enfrentam. Todos no casamento esperam ansiosamente a chegada de Maria Clara. Maria Clara arruma as malas. \u00c9rika e T\u00e9o conversam ao telefone. Jos\u00e9 Alfredo conversa com Cristina. Come\u00e7a a cerim\u00f4nia de casamento. Maria Marta enfrenta Jos\u00e9 Alfredo.\u00a0Jos\u00e9 Pedro observa Amanda e Leonardo dan\u00e7ando. Severo observa Noely de longe. Maria \u00cdsis e Magn\u00f3lia acompanham o casamento pelo blog de T\u00e9o.\u00a0Cl\u00e1udio e Beatriz conversam. Severo e Magn\u00f3lia conversam no hospital. Jos\u00e9 Pedro fica desconfiado durante o casamento. Juju pega o buqu\u00ea. Noely se despede de Magn\u00f3lia. Maur\u00edlio e Silviano discutem, enquanto Bruna observa. Bruna liga para Maria Marta. <\/p>\n<p>Silviano volta para casa. Jos\u00e9 Pedro vai \u00e0 casa de Silviano. Maria Marta e Jos\u00e9 Alfredo saem apressados de casa. Danielle questiona as atitudes de Bruna. Xana conversa com Nan\u00e1 e Ant\u00f4nio, mas os dois pegam no sono.\u00a0Maria Marta e Jos\u00e9 Alfredo chegam ao hotel de Maur\u00edlio. Cl\u00e1udio e Leonardo correm pela orla do Rio. Xana se assusta ao acordar e ver Ant\u00f4nio. Todos tomam caf\u00e9 na pens\u00e3o de Xana. Ismael e Lorraine v\u00e3o \u00e0 joalheria Imp\u00e9rio. Jos\u00e9 Alfredo conta a Maria Marta a conversa que teve com Ismael e Lorraine. O Comendador sai com Josu\u00e9 em busca de Fabr\u00edcio Melga\u00e7o. <\/p>\n","protected":false},"excerpt":{"rendered":"<p>Novela \u201cImp\u00e9rio\u201d: Maria Clara (Andrea Horta) chama Cristina (Leandra Leal) para ajud\u00e1-la a vestir seu vestido de noiva. A noiva elogia Vicente (Rafael Cardoso) e Cristina tenta desconversar. Clara pergunta sobre a intimidade da irm\u00e3 com o noivo e Cristina estressa. Clara insiste e Cristina confessar\u00e1 que era a melhor coisa do mundo. A noiva [&hellip;]<\/p>\n","protected":false},"author":2,"featured_media":206993,"comment_status":"open","ping_status":"closed","sticky":false,"template":"","format":"standard","meta":{"tdm_status":"","tdm_grid_status":"","footnotes":""},"categories":[2196,379,375,343],"tags":[440],"class_list":{"0":"post-67023","1":"post","2":"type-post","3":"status-publish","4":"format-standard","5":"has-post-thumbnail","7":"category-imperio","8":"category-novelas","9":"category-rede-globo","10":"category-televisao","11":"tag-noticia-novela"},"_links":{"self":[{"href":"https:\/\/migracao.redenoticia.com.br\/noticia\/wp-json\/wp\/v2\/posts\/67023","targetHints":{"allow":["GET"]}}],"collection":[{"href":"https:\/\/migracao.redenoticia.com.br\/noticia\/wp-json\/wp\/v2\/posts"}],"about":[{"href":"https:\/\/migracao.redenoticia.com.br\/noticia\/wp-json\/wp\/v2\/types\/post"}],"author":[{"embeddable":true,"href":"https:\/\/migracao.redenoticia.com.br\/noticia\/wp-json\/wp\/v2\/users\/2"}],"replies":[{"embeddable":true,"href":"https:\/\/migracao.redenoticia.com.br\/noticia\/wp-json\/wp\/v2\/comments?post=67023"}],"version-history":[{"count":0,"href":"https:\/\/migracao.redenoticia.com.br\/noticia\/wp-json\/wp\/v2\/posts\/67023\/revisions"}],"wp:featuredmedia":[{"embeddable":true,"href":"https:\/\/migracao.redenoticia.com.br\/noticia\/wp-json\/wp\/v2\/media\/206993"}],"wp:attachment":[{"href":"https:\/\/migracao.redenoticia.com.br\/noticia\/wp-json\/wp\/v2\/media?parent=67023"}],"wp:term":[{"taxonomy":"category","embeddable":true,"href":"https:\/\/migracao.redenoticia.com.br\/noticia\/wp-json\/wp\/v2\/categories?post=67023"},{"taxonomy":"post_tag","embeddable":true,"href":"https:\/\/migracao.redenoticia.com.br\/noticia\/wp-json\/wp\/v2\/tags?post=67023"}],"curies":[{"name":"wp","href":"https:\/\/api.w.org\/{rel}","templated":true}]}}