{"id":6709,"date":"2009-07-28T10:40:48","date_gmt":"2009-07-28T14:40:48","guid":{"rendered":"http:\/\/www.redenoticia.com.br\/noticia\/?p=6709"},"modified":"2009-07-28T10:40:48","modified_gmt":"2009-07-28T14:40:48","slug":"previsao-do-tempo-indica-chuvas-e-temperaturas-baixas-no-sul-sudeste-e-centro-oeste","status":"publish","type":"post","link":"https:\/\/migracao.redenoticia.com.br\/noticia\/2009\/previsao-do-tempo-indica-chuvas-e-temperaturas-baixas-no-sul-sudeste-e-centro-oeste\/6709","title":{"rendered":"Previs\u00e3o do tempo indica chuvas e temperaturas baixas no Sul, Sudeste e Centro-Oeste"},"content":{"rendered":"<p>A Previs\u00e3o do tempo informa que a intensa corrente de jato (ventos que ficam a 10km de altura, com rajadas de mais de 100km\/h) mant\u00e9m a frente fria parada entre as Regi\u00f5es Sul, Sudeste e Centro-Oeste nesta ter\u00e7a-feira. No Sul, as chuvas atingem especialmente o leste do Paran\u00e1 e o norte de Santa Cantarina, onde o acumulado chega a 60mm e 30mm, respectivamente. No Rio Grande do Sul, o tempo fica seco, mesmo assim, as temperaturas n\u00e3o passam dos 20\u00b0C em toda a Regi\u00e3o.<br \/>\nA Previs\u00e3o do tempo tamb\u00e9m informa que haver\u00e1 sol e calor no norte das Regi\u00f5es Sudeste e Centro-Oeste e na maior parte do Nordeste e Norte do Pa\u00eds<\/p>\n<p>No Sudeste, a prvis\u00e3o indica que o volume de chuva desta ter\u00e7a-feira pode chegar a 50mm no sul paulista, onde o frio tamb\u00e9m predomina, com m\u00e1xima de apenas 20\u00b0C. Chuvas mais fracas atingem o oeste e leste paulista, sul de Minas Gerias e Rio de Janeiro. No Centro-Oeste, h\u00e1 previs\u00e3o de chuvas no sudoeste e sul de Mato Grosso do Sul, com acumulado de at\u00e9 20mm em 24 horas e temperatura m\u00e1xima inferior a 20\u00b0C. Nas demais localidades das duas Regi\u00f5es o tempo fica seco, ensolarado e quente, com m\u00e1xima superior a 35\u00b0C no noroeste de Mato Grosso.<\/p>\n<p>Previs\u00e3o de tempo seco e quente tamb\u00e9m predominam no Norte e Nordeste do Pa\u00eds, com m\u00e1xima acima dos 33\u00b0C em boa parte da Regi\u00e3o Norte e dos Estados do Maranh\u00e3o e Piau\u00ed. As chuvas fracas e isoladas ficam restritas entre o norte da Bahia e a Para\u00edba, litoral do Maranh\u00e3o e nordeste do Par\u00e1, parte do Amazonas e de Roraima.<\/p>\n<p>Litoral<br \/>\nDestaque para os ventos de quase 40km\/h na costa de Santa Catarina e ondas com quase 2m de altura no litoral do Rio Grande do Sul nesta ter\u00e7a-feira.<\/p>\n<p>Quarta-feira<br \/>\nAs chuvas e as temperaturas m\u00e1ximas mais baixas atingem o leste de Santa Catarina, leste e norte do Paran\u00e1, parte de Mato Grosso do Sul, maior parte de S\u00e3o Paulo e o sul do Rio de Janeiro e de Minas Gerais. No Rio Grande do Sul, o tempo permanece seco, com mais uma madrugada fria e com forma\u00e7\u00e3o de geadas. J\u00e1 na maior parte do centro e norte do pa\u00eds, o tempo permanece seco, ensolarado e extremamente quente.<\/p>\n","protected":false},"excerpt":{"rendered":"<p>A Previs\u00e3o do tempo informa que a intensa corrente de jato (ventos que ficam a 10km de altura, com rajadas de mais de 100km\/h) mant\u00e9m a frente fria parada entre as Regi\u00f5es Sul, Sudeste e Centro-Oeste nesta ter\u00e7a-feira. No Sul, as chuvas atingem especialmente o leste do Paran\u00e1 e o norte de Santa Cantarina, onde [&hellip;]<\/p>\n","protected":false},"author":2,"featured_media":0,"comment_status":"open","ping_status":"open","sticky":false,"template":"","format":"standard","meta":{"tdm_status":"","tdm_grid_status":"","footnotes":""},"categories":[22],"tags":[],"class_list":{"0":"post-6709","1":"post","2":"type-post","3":"status-publish","4":"format-standard","6":"category-brasil"},"_links":{"self":[{"href":"https:\/\/migracao.redenoticia.com.br\/noticia\/wp-json\/wp\/v2\/posts\/6709","targetHints":{"allow":["GET"]}}],"collection":[{"href":"https:\/\/migracao.redenoticia.com.br\/noticia\/wp-json\/wp\/v2\/posts"}],"about":[{"href":"https:\/\/migracao.redenoticia.com.br\/noticia\/wp-json\/wp\/v2\/types\/post"}],"author":[{"embeddable":true,"href":"https:\/\/migracao.redenoticia.com.br\/noticia\/wp-json\/wp\/v2\/users\/2"}],"replies":[{"embeddable":true,"href":"https:\/\/migracao.redenoticia.com.br\/noticia\/wp-json\/wp\/v2\/comments?post=6709"}],"version-history":[{"count":0,"href":"https:\/\/migracao.redenoticia.com.br\/noticia\/wp-json\/wp\/v2\/posts\/6709\/revisions"}],"wp:attachment":[{"href":"https:\/\/migracao.redenoticia.com.br\/noticia\/wp-json\/wp\/v2\/media?parent=6709"}],"wp:term":[{"taxonomy":"category","embeddable":true,"href":"https:\/\/migracao.redenoticia.com.br\/noticia\/wp-json\/wp\/v2\/categories?post=6709"},{"taxonomy":"post_tag","embeddable":true,"href":"https:\/\/migracao.redenoticia.com.br\/noticia\/wp-json\/wp\/v2\/tags?post=6709"}],"curies":[{"name":"wp","href":"https:\/\/api.w.org\/{rel}","templated":true}]}}