{"id":6717,"date":"2009-07-28T11:07:11","date_gmt":"2009-07-28T15:07:11","guid":{"rendered":"http:\/\/www.redenoticia.com.br\/noticia\/?p=6717"},"modified":"2009-07-29T11:32:10","modified_gmt":"2009-07-29T15:32:10","slug":"previsao-indica-tempo-seco-e-quente-no-centro-e-norte-do-brasil-e-quarta-pode-chover-em-rondonia","status":"publish","type":"post","link":"https:\/\/migracao.redenoticia.com.br\/noticia\/2009\/previsao-indica-tempo-seco-e-quente-no-centro-e-norte-do-brasil-e-quarta-pode-chover-em-rondonia\/6717","title":{"rendered":"Previs\u00e3o indica tempo seco e quente no Centro e Norte do Brasil e quarta pode chover em Rond\u00f4nia"},"content":{"rendered":"<p>A previs\u00e3o do tempo Somar indica que, enquanto uma frente fria estacionada mant\u00e9m o tempo inst\u00e1vel e com chuvas entre o Sul, Sudeste e Mato Grosso do Sul, o tempo seco e quente predominam no centro e norte do Brasil. Nesta ter\u00e7a-feira, chove fraco e isolado apenas no norte do Maranh\u00e3o, litoral do Piau\u00ed, nordeste do Par\u00e1 e parte do Amazonas e de Roraima. As temperaturas seguem elevadas e hoje a m\u00e1xima fica entre 32\u00b0C e 34\u00b0C em boa parte de Mato Grosso e no centro e oeste de Goi\u00e1s e ultrapassa os 35\u00b0C no sudoeste do Piau\u00ed e oeste do Maranh\u00e3o. A novidade \u00e9 que tamb\u00e9m volta a fazer calor ao sudoeste da Regi\u00e3o Norte, com m\u00e1xima em torno dos 30\u00b0C no Acre e sudoeste do Amazonas.<br \/>\nAmanh\u00e3, a previs\u00e3o do tempo seco continua predominando, mas a temperatura cai um pouco em rela\u00e7\u00e3o a hoje. No Centro-Oeste, o frio chega ao sudoeste de Mato Grosso e a m\u00e1xima n\u00e3o passa de 20\u00b0C. Na Regi\u00e3o Norte, as \u00e1reas de instabilidade que organizam chuvas isoladas sobre partes de Rond\u00f4nia, Acre e sudoeste do Amazonas deixa a m\u00e1xima mais baixa em parte dos tr\u00eas Estados. No Nordeste, os term\u00f4metros atingem 32\u00b0C entre o oeste da Para\u00edba e Rio Grande do Norte at\u00e9 o Maranh\u00e3o e centro e norte da Bahia.<\/p>\n<p>Segundo os meteorologistas da Somar, na quinta-feira as condi\u00e7\u00f5es do tempo permanecem est\u00e1veis nas tr\u00eas Regi\u00f5es e o dia segue ensolarado e quente. No Centro-Oeste, chuvas muito fracas e isoladas atingem o sudoeste de Mato Grosso do Sul. No Nordeste, chove de forma localizada entre Pernambuco e Para\u00edba, al\u00e9m de parte do oeste do Piau\u00ed e do leste e noroeste do Maranh\u00e3o. Na Regi\u00e3o Norte, chuvas fracas e isoladas atingem parte do Acre, oeste e norte do Amazonas, Roraima, norte do Par\u00e1 e Amap\u00e1. As temperaturas chegam aos 32\u00b0C no noroeste da Bahia e entre o oeste do Rio Grande do Norte e da Para\u00edba at\u00e9 o Maranh\u00e3o. Em toda a Regi\u00e3o Norte e centro e norte de Mato Grosso e no noroeste de Goi\u00e1s, a m\u00e1xima passa dos 35\u00b0C.<\/p>\n","protected":false},"excerpt":{"rendered":"<p>A previs\u00e3o do tempo Somar indica que, enquanto uma frente fria estacionada mant\u00e9m o tempo inst\u00e1vel e com chuvas entre o Sul, Sudeste e Mato Grosso do Sul, o tempo seco e quente predominam no centro e norte do Brasil. Nesta ter\u00e7a-feira, chove fraco e isolado apenas no norte do Maranh\u00e3o, litoral do Piau\u00ed, nordeste [&hellip;]<\/p>\n","protected":false},"author":2,"featured_media":0,"comment_status":"open","ping_status":"open","sticky":false,"template":"","format":"standard","meta":{"tdm_status":"","tdm_grid_status":"","footnotes":""},"categories":[22,327],"tags":[],"class_list":{"0":"post-6717","1":"post","2":"type-post","3":"status-publish","4":"format-standard","6":"category-brasil","7":"category-clima"},"_links":{"self":[{"href":"https:\/\/migracao.redenoticia.com.br\/noticia\/wp-json\/wp\/v2\/posts\/6717","targetHints":{"allow":["GET"]}}],"collection":[{"href":"https:\/\/migracao.redenoticia.com.br\/noticia\/wp-json\/wp\/v2\/posts"}],"about":[{"href":"https:\/\/migracao.redenoticia.com.br\/noticia\/wp-json\/wp\/v2\/types\/post"}],"author":[{"embeddable":true,"href":"https:\/\/migracao.redenoticia.com.br\/noticia\/wp-json\/wp\/v2\/users\/2"}],"replies":[{"embeddable":true,"href":"https:\/\/migracao.redenoticia.com.br\/noticia\/wp-json\/wp\/v2\/comments?post=6717"}],"version-history":[{"count":0,"href":"https:\/\/migracao.redenoticia.com.br\/noticia\/wp-json\/wp\/v2\/posts\/6717\/revisions"}],"wp:attachment":[{"href":"https:\/\/migracao.redenoticia.com.br\/noticia\/wp-json\/wp\/v2\/media?parent=6717"}],"wp:term":[{"taxonomy":"category","embeddable":true,"href":"https:\/\/migracao.redenoticia.com.br\/noticia\/wp-json\/wp\/v2\/categories?post=6717"},{"taxonomy":"post_tag","embeddable":true,"href":"https:\/\/migracao.redenoticia.com.br\/noticia\/wp-json\/wp\/v2\/tags?post=6717"}],"curies":[{"name":"wp","href":"https:\/\/api.w.org\/{rel}","templated":true}]}}