{"id":6719,"date":"2009-07-28T11:18:41","date_gmt":"2009-07-28T15:18:41","guid":{"rendered":"http:\/\/www.redenoticia.com.br\/noticia\/?p=6719"},"modified":"2009-07-28T12:12:24","modified_gmt":"2009-07-28T16:12:24","slug":"mec-prouni-divulga-que-34-666-estudantes-foram-pre-selecionados","status":"publish","type":"post","link":"https:\/\/migracao.redenoticia.com.br\/noticia\/2009\/mec-prouni-divulga-que-34-666-estudantes-foram-pre-selecionados\/6719","title":{"rendered":"MEC prouni divulga que 34.666 estudantes foram pr\u00e9-selecionados"},"content":{"rendered":"<p>Os candidatos a bolsas de estudos do Programa Universidade para Todos (prouni) do MEC j\u00e1 podem conferir, na internet, o resultado da primeira chamada da segunda fase de inscri\u00e7\u00f5es. Foram pr\u00e9-selecionados 34.666 estudantes, que t\u00eam prazo at\u00e9 <strong>7 de agosto<\/strong> para comparecer \u00e0 institui\u00e7\u00e3o de ensino na qual se inscreveram e comprovar as informa\u00e7\u00f5es prestadas.<\/p>\n<p>O MEC prouni tamb\u00e9m informa que o estudante que n\u00e3o foi pr\u00e9-selecionado nessa primeira chamada ainda pode ser convocado na segunda, prevista para <strong>14 de agosto<\/strong>.<\/p>\n<p>Segundo o MEC prouni, a\u00a0rela\u00e7\u00e3o dos pr\u00e9-selecionados pode ser conferida na <a href=\"http:\/\/prouni-inscricao.mec.gov.br\/inscricao\/1_etapa\/consulta\/resultado\/forms\/default.asp\" target=\"_blank\">p\u00e1gina<\/a> eletr\u00f4nica do programa. Para ter acesso, o candidato deve informar o n\u00famero de inscri\u00e7\u00e3o no Exame Nacional do Ensino M\u00e9dio (Enem) ou o do CPF.<\/p>\n<p>As vagas est\u00e3o dispon\u00edveis em mais de 1.400 institui\u00e7\u00f5es de ensino superior  privadas nas 27 unidades da Federa\u00e7\u00e3o.<\/p>\n<p>Entre 2005 (primeira edi\u00e7\u00e3o) e o primeiro semestre deste ano, o programa  possibilitou a inclus\u00e3o de 540 mil estudantes na educa\u00e7\u00e3o superior particular.  Na primeira metade de 2009, foram oferecidas 156.416 bolsas de estudos, das  quais 95.694 integrais e 60.722 parciais. Com as ofertadas no segundo semestre,  o ProUni soma este ano 247.643 bolsas.<\/p>\n<p>Assessoria de Imprensa da Sesu<\/p>\n","protected":false},"excerpt":{"rendered":"<p>Os candidatos a bolsas de estudos do Programa Universidade para Todos (prouni) do MEC j\u00e1 podem conferir, na internet, o resultado da primeira chamada da segunda fase de inscri\u00e7\u00f5es. Foram pr\u00e9-selecionados 34.666 estudantes, que t\u00eam prazo at\u00e9 7 de agosto para comparecer \u00e0 institui\u00e7\u00e3o de ensino na qual se inscreveram e comprovar as informa\u00e7\u00f5es prestadas. [&hellip;]<\/p>\n","protected":false},"author":2,"featured_media":0,"comment_status":"open","ping_status":"open","sticky":false,"template":"","format":"standard","meta":{"tdm_status":"","tdm_grid_status":"","footnotes":""},"categories":[22],"tags":[],"class_list":{"0":"post-6719","1":"post","2":"type-post","3":"status-publish","4":"format-standard","6":"category-brasil"},"_links":{"self":[{"href":"https:\/\/migracao.redenoticia.com.br\/noticia\/wp-json\/wp\/v2\/posts\/6719","targetHints":{"allow":["GET"]}}],"collection":[{"href":"https:\/\/migracao.redenoticia.com.br\/noticia\/wp-json\/wp\/v2\/posts"}],"about":[{"href":"https:\/\/migracao.redenoticia.com.br\/noticia\/wp-json\/wp\/v2\/types\/post"}],"author":[{"embeddable":true,"href":"https:\/\/migracao.redenoticia.com.br\/noticia\/wp-json\/wp\/v2\/users\/2"}],"replies":[{"embeddable":true,"href":"https:\/\/migracao.redenoticia.com.br\/noticia\/wp-json\/wp\/v2\/comments?post=6719"}],"version-history":[{"count":0,"href":"https:\/\/migracao.redenoticia.com.br\/noticia\/wp-json\/wp\/v2\/posts\/6719\/revisions"}],"wp:attachment":[{"href":"https:\/\/migracao.redenoticia.com.br\/noticia\/wp-json\/wp\/v2\/media?parent=6719"}],"wp:term":[{"taxonomy":"category","embeddable":true,"href":"https:\/\/migracao.redenoticia.com.br\/noticia\/wp-json\/wp\/v2\/categories?post=6719"},{"taxonomy":"post_tag","embeddable":true,"href":"https:\/\/migracao.redenoticia.com.br\/noticia\/wp-json\/wp\/v2\/tags?post=6719"}],"curies":[{"name":"wp","href":"https:\/\/api.w.org\/{rel}","templated":true}]}}