{"id":6725,"date":"2009-07-28T11:57:25","date_gmt":"2009-07-28T15:57:25","guid":{"rendered":"http:\/\/www.redenoticia.com.br\/noticia\/?p=6725"},"modified":"2009-07-28T12:10:08","modified_gmt":"2009-07-28T16:10:08","slug":"remuneracao-em-rondonia-sobe-25-ate-junho-atesta-dirigente-sindical","status":"publish","type":"post","link":"https:\/\/migracao.redenoticia.com.br\/noticia\/2009\/remuneracao-em-rondonia-sobe-25-ate-junho-atesta-dirigente-sindical\/6725","title":{"rendered":"Remunera\u00e7\u00e3o em Rond\u00f4nia sobe 25% at\u00e9 junho, atesta dirigente sindical"},"content":{"rendered":"<p>Com o aumento de 24,68% no sal\u00e1rio inicial m\u00e9dio em Rond\u00f4nia no primeiro semestre deste ano, o estado passou a ter o quinto maior sal\u00e1rio do Pa\u00eds &#8211; nos primeiros seis meses de 2008, era o quinto pior no ranking.\u00a0O avan\u00e7o se deve \u00e0 constru\u00e7\u00e3o das usinas hidrel\u00e9tricas no rio Madeira.<\/p>\n<p>Embora o sal\u00e1rio dos engenheiros tenha puxado a m\u00e9dia no estado, o Sindicato dos Trabalhadores da Constru\u00e7\u00e3o Civil afirma que os funcion\u00e1rios menos qualificados tamb\u00e9m foram beneficiados com aumentos reais.\u00a0O sindicalista Ant\u00f4nio Ac\u00e1cio Moraes do Amaral, presidente da Fitrac (Federa\u00e7\u00e3o Interestadual dos Trabalhadores nas Ind\u00fastrias nos estados de Rond\u00f4nia e Acre), que representa trabalhadores da ind\u00fastria no estado.<\/p>\n<p>Ele destaca que, pela primeira vez em Rond\u00f4nia, trabalhadores da constru\u00e7\u00e3o pesada negociam cesta b\u00e1sica e plano de sa\u00fade na conven\u00e7\u00e3o coletiva.<\/p>\n<p><a href=\"http:\/\/www.diap.org.br\/index.php\/agencia-diap\" target=\"_blank\">Ag\u00eancia DIAP\u00a0<\/a><\/p>\n","protected":false},"excerpt":{"rendered":"<p>Com o aumento de 24,68% no sal\u00e1rio inicial m\u00e9dio em Rond\u00f4nia no primeiro semestre deste ano, o estado passou a ter o quinto maior sal\u00e1rio do Pa\u00eds &#8211; nos primeiros seis meses de 2008, era o quinto pior no ranking.\u00a0O avan\u00e7o se deve \u00e0 constru\u00e7\u00e3o das usinas hidrel\u00e9tricas no rio Madeira. Embora o sal\u00e1rio dos [&hellip;]<\/p>\n","protected":false},"author":2,"featured_media":0,"comment_status":"open","ping_status":"open","sticky":false,"template":"","format":"standard","meta":{"tdm_status":"","tdm_grid_status":"","footnotes":""},"categories":[22,7],"tags":[],"class_list":{"0":"post-6725","1":"post","2":"type-post","3":"status-publish","4":"format-standard","6":"category-brasil","7":"category-economia"},"_links":{"self":[{"href":"https:\/\/migracao.redenoticia.com.br\/noticia\/wp-json\/wp\/v2\/posts\/6725","targetHints":{"allow":["GET"]}}],"collection":[{"href":"https:\/\/migracao.redenoticia.com.br\/noticia\/wp-json\/wp\/v2\/posts"}],"about":[{"href":"https:\/\/migracao.redenoticia.com.br\/noticia\/wp-json\/wp\/v2\/types\/post"}],"author":[{"embeddable":true,"href":"https:\/\/migracao.redenoticia.com.br\/noticia\/wp-json\/wp\/v2\/users\/2"}],"replies":[{"embeddable":true,"href":"https:\/\/migracao.redenoticia.com.br\/noticia\/wp-json\/wp\/v2\/comments?post=6725"}],"version-history":[{"count":0,"href":"https:\/\/migracao.redenoticia.com.br\/noticia\/wp-json\/wp\/v2\/posts\/6725\/revisions"}],"wp:attachment":[{"href":"https:\/\/migracao.redenoticia.com.br\/noticia\/wp-json\/wp\/v2\/media?parent=6725"}],"wp:term":[{"taxonomy":"category","embeddable":true,"href":"https:\/\/migracao.redenoticia.com.br\/noticia\/wp-json\/wp\/v2\/categories?post=6725"},{"taxonomy":"post_tag","embeddable":true,"href":"https:\/\/migracao.redenoticia.com.br\/noticia\/wp-json\/wp\/v2\/tags?post=6725"}],"curies":[{"name":"wp","href":"https:\/\/api.w.org\/{rel}","templated":true}]}}