{"id":67361,"date":"2015-03-06T14:28:01","date_gmt":"2015-03-06T17:28:01","guid":{"rendered":"http:\/\/www.redenoticia.com.br\/noticia\/?p=67361"},"modified":"2015-03-06T14:28:01","modified_gmt":"2015-03-06T17:28:01","slug":"unesp-abre-inscricoes-para-reopcao-de-vagas-no-vestibular-2015","status":"publish","type":"post","link":"https:\/\/migracao.redenoticia.com.br\/noticia\/2015\/unesp-abre-inscricoes-para-reopcao-de-vagas-no-vestibular-2015\/67361","title":{"rendered":"Unesp abre inscri\u00e7\u00f5es para reop\u00e7\u00e3o de vagas no Vestibular 2015"},"content":{"rendered":"<p>Est\u00e3o abertas, at\u00e9 8 de mar\u00e7o, as inscri\u00e7\u00f5es para o cadastro de declara\u00e7\u00e3o de interesse em reop\u00e7\u00e3o de curso para o <em><strong>Vestibular 2015 da Unesp<\/strong><\/em> (Universidade Estadual Paulista). O cadastramento est\u00e1 dispon\u00edvel no . Pode se inscrever o candidato classificado e ainda n\u00e3o matriculado, mesmo quem n\u00e3o declarou interesse por vaga nos dias 3 e 4 de fevereiro.<\/p>\n<p>Al\u00e9m disso, o estudante poder\u00e1 escolher somente uma das carreiras com possibilidade de vagas remanescentes. As op\u00e7\u00f5es de cursos s\u00e3o: Arquivologia, Biblioteconomia, Engenharia de Pesca, Engenharia Industrial Madeireira, F\u00edsica, Geografia, Letras, Matem\u00e1tica, Meteorologia, Pedagogia, Qu\u00edmica e Turismo.<\/p>\n<p>Mais informa\u00e7\u00f5es no .<\/p>\n<p>Do Portal do Governo do Estado<\/p>\n<p>Os candidatos que confirmaram interesse por vaga ser\u00e3o convocados para matr\u00edcula, por meio de chamada, de acordo com o calend\u00e1rio estabelecido pela Funda\u00e7\u00e3o Vunesp, obedecendo-se o n\u00famero de vagas oferecidas no Concurso Vestibular Unesp 2015 por curso e por sistema de inscri\u00e7\u00e3o (SU e SRVEBP, incluindo SRVEBP+PPI), e \u00e0 ordem decrescente da nota final.<\/p>\n<p>A chamada, por curso e por sistema de inscri\u00e7\u00e3o, constar\u00e1 de convoca\u00e7\u00e3o para matr\u00edcula e respectiva lista de<br \/>\nespera.<\/p>\n<p>A lista de espera de cada curso e por sistema de inscri\u00e7\u00e3o, ser\u00e1 composta de todos os candidatos classifi cados e n\u00e3o convocados para matr\u00edcula e que confi rmaram interesse por vaga, obedecendo-se \u00e0 ordem decrescente da nota final.<\/p>\n","protected":false},"excerpt":{"rendered":"<p>Est\u00e3o abertas, at\u00e9 8 de mar\u00e7o, as inscri\u00e7\u00f5es para o cadastro de declara\u00e7\u00e3o de interesse em reop\u00e7\u00e3o de curso para o Vestibular 2015 da Unesp (Universidade Estadual Paulista). O cadastramento est\u00e1 dispon\u00edvel no . Pode se inscrever o candidato classificado e ainda n\u00e3o matriculado, mesmo quem n\u00e3o declarou interesse por vaga nos dias 3 e [&hellip;]<\/p>\n","protected":false},"author":2,"featured_media":36244,"comment_status":"open","ping_status":"closed","sticky":false,"template":"","format":"standard","meta":{"tdm_status":"","tdm_grid_status":"","footnotes":""},"categories":[22,370,295],"tags":[],"class_list":{"0":"post-67361","1":"post","2":"type-post","3":"status-publish","4":"format-standard","5":"has-post-thumbnail","7":"category-brasil","8":"category-inscricao","9":"category-vestibular"},"_links":{"self":[{"href":"https:\/\/migracao.redenoticia.com.br\/noticia\/wp-json\/wp\/v2\/posts\/67361","targetHints":{"allow":["GET"]}}],"collection":[{"href":"https:\/\/migracao.redenoticia.com.br\/noticia\/wp-json\/wp\/v2\/posts"}],"about":[{"href":"https:\/\/migracao.redenoticia.com.br\/noticia\/wp-json\/wp\/v2\/types\/post"}],"author":[{"embeddable":true,"href":"https:\/\/migracao.redenoticia.com.br\/noticia\/wp-json\/wp\/v2\/users\/2"}],"replies":[{"embeddable":true,"href":"https:\/\/migracao.redenoticia.com.br\/noticia\/wp-json\/wp\/v2\/comments?post=67361"}],"version-history":[{"count":0,"href":"https:\/\/migracao.redenoticia.com.br\/noticia\/wp-json\/wp\/v2\/posts\/67361\/revisions"}],"wp:featuredmedia":[{"embeddable":true,"href":"https:\/\/migracao.redenoticia.com.br\/noticia\/wp-json\/wp\/v2\/media\/36244"}],"wp:attachment":[{"href":"https:\/\/migracao.redenoticia.com.br\/noticia\/wp-json\/wp\/v2\/media?parent=67361"}],"wp:term":[{"taxonomy":"category","embeddable":true,"href":"https:\/\/migracao.redenoticia.com.br\/noticia\/wp-json\/wp\/v2\/categories?post=67361"},{"taxonomy":"post_tag","embeddable":true,"href":"https:\/\/migracao.redenoticia.com.br\/noticia\/wp-json\/wp\/v2\/tags?post=67361"}],"curies":[{"name":"wp","href":"https:\/\/api.w.org\/{rel}","templated":true}]}}