{"id":6737,"date":"2009-07-28T12:24:24","date_gmt":"2009-07-28T16:24:24","guid":{"rendered":"http:\/\/www.redenoticia.com.br\/noticia\/?p=6737"},"modified":"2009-07-28T12:24:24","modified_gmt":"2009-07-28T16:24:24","slug":"minha-casa-minha-vida-exige-que-os-projetos-contemplem-acessibilidade","status":"publish","type":"post","link":"https:\/\/migracao.redenoticia.com.br\/noticia\/2009\/minha-casa-minha-vida-exige-que-os-projetos-contemplem-acessibilidade\/6737","title":{"rendered":"Minha Casa, Minha Vida exige que os projetos contemplem acessibilidade"},"content":{"rendered":"<p><span style=\"font-family: Arial;\">Segundo o Ministro das Cidades Marcio Fortes \u201cAntigamente, os arquitetos e os cursos de arquitetura n\u00e3o consideravam os problemas de acessibilidade dos portadores de defici\u00eancias. Hoje, todos os programas do Minist\u00e9rio das Cidades, inclusive o Minha Casa, Minha Vida, j\u00e1 exigem que os projetos contenham as adequa\u00e7\u00f5es necess\u00e1rias e acessibilidade a esse segmento da popula\u00e7\u00e3o\u201d. Ele afirmou que os programas de produ\u00e7\u00e3o de moradias, por exemplo, passaram a incluir adapta\u00e7\u00f5es nos projetos, como rampas e portas largas, para atender aos cadeirantes.<\/span><\/p>\n<p><span style=\"font-size: 11.0pt; font-family: Arial;\">O ministro das Cidades, Marcio Fortes de Almeida, lembrou nesta segunda-feira (27), durante o Semin\u00e1rio Acessibilidade \u00e0 Cidadania, no Rio de Janeiro, que os programas habitacionais do governo Federal atualmente contemplam as necessidades dos portadores de defici\u00eancias. O evento foi promovido pelo Grupo O Dia de Comunica\u00e7\u00e3o para discutir a necessidade de se conscientizar a popula\u00e7\u00e3o e encontrar solu\u00e7\u00f5es para garantir a locomo\u00e7\u00e3o e o acesso \u00e0 informa\u00e7\u00e3o para todos.<\/span><\/p>\n<p><span style=\"font-size: 11.0pt; font-family: Arial;\">A mudan\u00e7a est\u00e1 relacionada ao Decreto 5.296, de 2004, que trata da promo\u00e7\u00e3o da acessibilidade das pessoas portadoras de defici\u00eancia ou com mobilidade reduzida. Atendendo ao decreto, a Associa\u00e7\u00e3o Brasileira de Normas T\u00e9cnicas (ABNT) elaborou norma com os crit\u00e9rios e par\u00e2metros t\u00e9cnicos necess\u00e1rios para a adequa\u00e7\u00e3o de projetos, constru\u00e7\u00f5es, instala\u00e7\u00f5es e adapta\u00e7\u00f5es de edifica\u00e7\u00f5es, mobili\u00e1rio, espa\u00e7os e equipamentos urbanos \u00e0s condi\u00e7\u00f5es de acessibilidade.<\/span><\/p>\n<p><span style=\"font-size: 11.0pt; font-family: Arial;\">O MCidades trabalha na implementa\u00e7\u00e3o do Decreto junto com a Secretaria Especial de Direitos Humanos da Presid\u00eancia da Rep\u00fablica, a ABNT e o Instituto Nacional de Metrologia, Normaliza\u00e7\u00e3o e Qualidade Industrial (Inmetro). O Minist\u00e9rio tamb\u00e9m estimula e apoia governos municipais e estaduais a garantir acesso para pessoas com restri\u00e7\u00e3o de mobilidade aos sistemas de transportes, equipamentos urbanos e a circula\u00e7\u00e3o em \u00e1reas p\u00fablicas pelo Programa Brasileiro de Acessibilidade Urbana, o Brasil Acess\u00edvel.<\/span><\/p>\n<p><strong><span style=\"font-size: 11.0pt; font-family: Arial;\">Mobilidade \u2013<\/span><\/strong><span style=\"font-size: 11.0pt; font-family: Arial;\"> Segundo o ministro, h\u00e1 R$ 1 bilh\u00e3o do FGTS dispon\u00edvel para renova\u00e7\u00e3o das frotas de \u00f4nibus no pa\u00eds, desde que os ve\u00edculos sejam adaptados aos portadores de defici\u00eancia e pessoas com mobilidade reduzida. \u201cEm Porto Alegre, a Trensurb, empresa de trens urbanos vinculada ao Minist\u00e9rio das Cidades, tem uma esta\u00e7\u00e3o-modelo no que diz respeito ao atendimento a portadores de defici\u00eancias auditiva e visual\u201d, afirmou.<\/span><\/p>\n<p><strong><span style=\"font-size: 11.0pt; font-family: Arial;\">Minist\u00e9rio das Cidades<\/span><\/strong><strong><span style=\"font-size: 11.0pt; font-family: Arial;\"><br \/>\n<strong><span style=\"font-family: Arial;\">Assessoria de Comunica\u00e7\u00e3o<\/span><\/strong><\/span><\/strong><\/p>\n","protected":false},"excerpt":{"rendered":"<p>Segundo o Ministro das Cidades Marcio Fortes \u201cAntigamente, os arquitetos e os cursos de arquitetura n\u00e3o consideravam os problemas de acessibilidade dos portadores de defici\u00eancias. Hoje, todos os programas do Minist\u00e9rio das Cidades, inclusive o Minha Casa, Minha Vida, j\u00e1 exigem que os projetos contenham as adequa\u00e7\u00f5es necess\u00e1rias e acessibilidade a esse segmento da popula\u00e7\u00e3o\u201d. [&hellip;]<\/p>\n","protected":false},"author":2,"featured_media":0,"comment_status":"open","ping_status":"open","sticky":false,"template":"","format":"standard","meta":{"tdm_status":"","tdm_grid_status":"","footnotes":""},"categories":[22,7],"tags":[],"class_list":{"0":"post-6737","1":"post","2":"type-post","3":"status-publish","4":"format-standard","6":"category-brasil","7":"category-economia"},"_links":{"self":[{"href":"https:\/\/migracao.redenoticia.com.br\/noticia\/wp-json\/wp\/v2\/posts\/6737","targetHints":{"allow":["GET"]}}],"collection":[{"href":"https:\/\/migracao.redenoticia.com.br\/noticia\/wp-json\/wp\/v2\/posts"}],"about":[{"href":"https:\/\/migracao.redenoticia.com.br\/noticia\/wp-json\/wp\/v2\/types\/post"}],"author":[{"embeddable":true,"href":"https:\/\/migracao.redenoticia.com.br\/noticia\/wp-json\/wp\/v2\/users\/2"}],"replies":[{"embeddable":true,"href":"https:\/\/migracao.redenoticia.com.br\/noticia\/wp-json\/wp\/v2\/comments?post=6737"}],"version-history":[{"count":0,"href":"https:\/\/migracao.redenoticia.com.br\/noticia\/wp-json\/wp\/v2\/posts\/6737\/revisions"}],"wp:attachment":[{"href":"https:\/\/migracao.redenoticia.com.br\/noticia\/wp-json\/wp\/v2\/media?parent=6737"}],"wp:term":[{"taxonomy":"category","embeddable":true,"href":"https:\/\/migracao.redenoticia.com.br\/noticia\/wp-json\/wp\/v2\/categories?post=6737"},{"taxonomy":"post_tag","embeddable":true,"href":"https:\/\/migracao.redenoticia.com.br\/noticia\/wp-json\/wp\/v2\/tags?post=6737"}],"curies":[{"name":"wp","href":"https:\/\/api.w.org\/{rel}","templated":true}]}}