{"id":6740,"date":"2009-07-28T12:29:06","date_gmt":"2009-07-28T16:29:06","guid":{"rendered":"http:\/\/www.redenoticia.com.br\/noticia\/?p=6740"},"modified":"2009-07-28T12:29:06","modified_gmt":"2009-07-28T16:29:06","slug":"prazo-para-solicitar-senhas-do-fnhis-termina-nesta-terca-28-as-18-horas","status":"publish","type":"post","link":"https:\/\/migracao.redenoticia.com.br\/noticia\/2009\/prazo-para-solicitar-senhas-do-fnhis-termina-nesta-terca-28-as-18-horas\/6740","title":{"rendered":"Prazo para solicitar senhas do FNHIS termina nesta ter\u00e7a (28), \u00e0s 18 horas"},"content":{"rendered":"<h1><span style=\"font-family: Arial;\"><br \/>\n<\/span><\/h1>\n<p><span style=\"font-size: 11.0pt; font-family: Arial;\">Prefeituras e governos estaduais que n\u00e3o estejam de posse do login e senha necess\u00e1rios para acessar os recursos do Fundo Nacional de Habita\u00e7\u00e3o de Interesse Social (FNHIS) t\u00eam at\u00e9 as 18 horas desta ter\u00e7a (28) para solicitar \u00e0 Secretaria Nacional de Habita\u00e7\u00e3o o envio desses dados.<\/span><\/p>\n<p><span style=\"font-size: 11.0pt; font-family: Arial;\">Para obter a senha \u00e9 necess\u00e1rio preparar of\u00edcio em papel timbrado, assinado pelo chefe do Poder Executivo, com solicita\u00e7\u00e3o de reenvio de senha e indica\u00e7\u00e3o do endere\u00e7o eletr\u00f4nico (e-mail) para o qual os dados devem ser enviados. O of\u00edcio deve ser escaneado e enviado, em anexo, para o endere\u00e7o: <span><span style=\"color: windowtext;\">senhas@cidades.gov.br<\/span><\/span>.<\/span><\/p>\n<p><span style=\"font-size: 11.0pt; font-family: Arial;\">Projetos \u2013 O prazo para inscrever projetos nas modalidades de urbaniza\u00e7\u00e3o e apoio \u00e0 elabora\u00e7\u00e3o de planos locais de habita\u00e7\u00e3o de interesse social no FNHIS 2009 termina na pr\u00f3xima sexta-feira, 31 de julho.<\/span><\/p>\n","protected":false},"excerpt":{"rendered":"<p>Prefeituras e governos estaduais que n\u00e3o estejam de posse do login e senha necess\u00e1rios para acessar os recursos do Fundo Nacional de Habita\u00e7\u00e3o de Interesse Social (FNHIS) t\u00eam at\u00e9 as 18 horas desta ter\u00e7a (28) para solicitar \u00e0 Secretaria Nacional de Habita\u00e7\u00e3o o envio desses dados. Para obter a senha \u00e9 necess\u00e1rio preparar of\u00edcio em [&hellip;]<\/p>\n","protected":false},"author":2,"featured_media":0,"comment_status":"open","ping_status":"open","sticky":false,"template":"","format":"standard","meta":{"tdm_status":"","tdm_grid_status":"","footnotes":""},"categories":[22,7],"tags":[],"class_list":{"0":"post-6740","1":"post","2":"type-post","3":"status-publish","4":"format-standard","6":"category-brasil","7":"category-economia"},"_links":{"self":[{"href":"https:\/\/migracao.redenoticia.com.br\/noticia\/wp-json\/wp\/v2\/posts\/6740","targetHints":{"allow":["GET"]}}],"collection":[{"href":"https:\/\/migracao.redenoticia.com.br\/noticia\/wp-json\/wp\/v2\/posts"}],"about":[{"href":"https:\/\/migracao.redenoticia.com.br\/noticia\/wp-json\/wp\/v2\/types\/post"}],"author":[{"embeddable":true,"href":"https:\/\/migracao.redenoticia.com.br\/noticia\/wp-json\/wp\/v2\/users\/2"}],"replies":[{"embeddable":true,"href":"https:\/\/migracao.redenoticia.com.br\/noticia\/wp-json\/wp\/v2\/comments?post=6740"}],"version-history":[{"count":0,"href":"https:\/\/migracao.redenoticia.com.br\/noticia\/wp-json\/wp\/v2\/posts\/6740\/revisions"}],"wp:attachment":[{"href":"https:\/\/migracao.redenoticia.com.br\/noticia\/wp-json\/wp\/v2\/media?parent=6740"}],"wp:term":[{"taxonomy":"category","embeddable":true,"href":"https:\/\/migracao.redenoticia.com.br\/noticia\/wp-json\/wp\/v2\/categories?post=6740"},{"taxonomy":"post_tag","embeddable":true,"href":"https:\/\/migracao.redenoticia.com.br\/noticia\/wp-json\/wp\/v2\/tags?post=6740"}],"curies":[{"name":"wp","href":"https:\/\/api.w.org\/{rel}","templated":true}]}}