{"id":6743,"date":"2009-07-28T13:51:03","date_gmt":"2009-07-28T17:51:03","guid":{"rendered":"http:\/\/www.redenoticia.com.br\/noticia\/?p=6743"},"modified":"2009-07-29T11:31:40","modified_gmt":"2009-07-29T15:31:40","slug":"climatempo-curitibaparana-registra-grandes-volumes-de-chuva","status":"publish","type":"post","link":"https:\/\/migracao.redenoticia.com.br\/noticia\/2009\/climatempo-curitibaparana-registra-grandes-volumes-de-chuva\/6743","title":{"rendered":"Climatempo: Curitiba\/Paran\u00e1 registra grandes volumes de chuva"},"content":{"rendered":"<p>At\u00e9 sexta-feira, a previs\u00e3o da Climatempo \u00e9 de mais chuva em Curitiba \u2013 Paran\u00e1. Grandes volumes de chuva foram registrados no Paran\u00e1 de ontem para hoje. De acordo com o Instituto Nacional de Meteorologia, a regi\u00e3o de Iva\u00ed acumulou 44 mil\u00edmetros entre 9 horas de ontem e 9 horas desta ter\u00e7a-feira. Em Irati, choveu cerca de 42 mil\u00edmetros. Em Paranagu\u00e1, no litoral, foram quase 30 mil\u00edmetros neste mesmo per\u00edodo. Em Castro choveu 35 mil\u00edmetros.<br \/>\nCuritiba est\u00e1 nublada e com chuva frequente desde sexta-feira passada. Ontem a chuva foi fraca, mas hoje as nuvens ficaram mais carregadas e a chuva aumentou. Segundo o Instituto Nacional de Meteorologia, choveu quase 28 mil\u00edmetros das 9 horas de ontem at\u00e9 9 horas de hoje. O tempo chuvoso deve persistir nesta tarde.<\/p>\n<p>A massa de ar polar atua sobre a maior parte da Regi\u00e3o Sul do Brasil e favorece a ocorr\u00eancia de geada ao amanhecer em Bag\u00e9, Porto Alegre, Santa Maria e Uruguaiana. Nesta quarta-feira, o tempo permanece chuvoso no norte do Paran\u00e1. Em Florian\u00f3polis, Vale do Itaja\u00ed, Curitiba e em Paranagu\u00e1, o sol aparece no meio de muitas nuvens e ocorrem pancadas de chuva pela manh\u00e3.<\/p>\n<p>De acordo com os meteorologistas da Climatempo, h\u00e1 quatro dias chove na capital paranaense e essa chuva n\u00e3o vai parar t\u00e3o cedo. At\u00e9 sexta-feira, o volume de chuva acumulado deve aumentar em Curitiba.<\/p>\n<p>Sobre o Grupo Climatempo<\/p>\n<p>O Grupo Climatempo \u00e9 a maior empresa privada de meteorologia do pa\u00eds. Uma holding formada pela Climatempo Consultoria, Ag\u00eancia Climatempo, a TV Climatempo e a CLIMANET (Internet, servi\u00e7os de tecnologia e inform\u00e1tica). Atualmente, o Grupo Climatempo fornece conte\u00fado para os principais portais do pa\u00eds, mais de 50 retransmissoras de televis\u00e3o do Brasil, r\u00e1dios e tem cerca de mil clientes. Os dois principais segmentos atendidos s\u00e3o o de agroneg\u00f3cios e meios de comunica\u00e7\u00e3o. Al\u00e9m destes, fornece conte\u00fado meteorol\u00f3gico estrat\u00e9gico para produtoras, a ind\u00fastria eletroeletr\u00f4nica e t\u00eaxtil, com\u00e9rcio, moda e turismo, constru\u00e7\u00e3o civil, setor de energia, entre outros setores.<\/p>\n","protected":false},"excerpt":{"rendered":"<p>At\u00e9 sexta-feira, a previs\u00e3o da Climatempo \u00e9 de mais chuva em Curitiba \u2013 Paran\u00e1. Grandes volumes de chuva foram registrados no Paran\u00e1 de ontem para hoje. De acordo com o Instituto Nacional de Meteorologia, a regi\u00e3o de Iva\u00ed acumulou 44 mil\u00edmetros entre 9 horas de ontem e 9 horas desta ter\u00e7a-feira. Em Irati, choveu cerca [&hellip;]<\/p>\n","protected":false},"author":2,"featured_media":0,"comment_status":"open","ping_status":"open","sticky":false,"template":"","format":"standard","meta":{"tdm_status":"","tdm_grid_status":"","footnotes":""},"categories":[22,327],"tags":[],"class_list":{"0":"post-6743","1":"post","2":"type-post","3":"status-publish","4":"format-standard","6":"category-brasil","7":"category-clima"},"_links":{"self":[{"href":"https:\/\/migracao.redenoticia.com.br\/noticia\/wp-json\/wp\/v2\/posts\/6743","targetHints":{"allow":["GET"]}}],"collection":[{"href":"https:\/\/migracao.redenoticia.com.br\/noticia\/wp-json\/wp\/v2\/posts"}],"about":[{"href":"https:\/\/migracao.redenoticia.com.br\/noticia\/wp-json\/wp\/v2\/types\/post"}],"author":[{"embeddable":true,"href":"https:\/\/migracao.redenoticia.com.br\/noticia\/wp-json\/wp\/v2\/users\/2"}],"replies":[{"embeddable":true,"href":"https:\/\/migracao.redenoticia.com.br\/noticia\/wp-json\/wp\/v2\/comments?post=6743"}],"version-history":[{"count":0,"href":"https:\/\/migracao.redenoticia.com.br\/noticia\/wp-json\/wp\/v2\/posts\/6743\/revisions"}],"wp:attachment":[{"href":"https:\/\/migracao.redenoticia.com.br\/noticia\/wp-json\/wp\/v2\/media?parent=6743"}],"wp:term":[{"taxonomy":"category","embeddable":true,"href":"https:\/\/migracao.redenoticia.com.br\/noticia\/wp-json\/wp\/v2\/categories?post=6743"},{"taxonomy":"post_tag","embeddable":true,"href":"https:\/\/migracao.redenoticia.com.br\/noticia\/wp-json\/wp\/v2\/tags?post=6743"}],"curies":[{"name":"wp","href":"https:\/\/api.w.org\/{rel}","templated":true}]}}