{"id":67431,"date":"2015-03-08T18:47:55","date_gmt":"2015-03-08T21:47:55","guid":{"rendered":"http:\/\/www.redenoticia.com.br\/noticia\/?p=67431"},"modified":"2018-08-13T10:41:21","modified_gmt":"2018-08-13T13:41:21","slug":"bbb-15-tamires-pegou-as-malas-e-entrou-no-confessionario","status":"publish","type":"post","link":"https:\/\/migracao.redenoticia.com.br\/noticia\/2015\/bbb-15-tamires-pegou-as-malas-e-entrou-no-confessionario\/67431","title":{"rendered":"\u201cBBB\u201d 15: Tamires pegou as malas e entrou no confession\u00e1rio"},"content":{"rendered":"<p><a href=\"https:\/\/migracao.redenoticia.com.br\/noticia\/imagens\/bbb_paredao_votacao_enquete.jpg\"><img loading=\"lazy\" decoding=\"async\" src=\"https:\/\/migracao.redenoticia.com.br\/noticia\/imagens\/bbb_paredao_votacao_enquete-187x187.jpg\" alt=\"bbb_paredao_votacao_enquete\" width=\"187\" height=\"187\" class=\"alignleft size-medium wp-image-64478\" srcset=\"https:\/\/migracao.redenoticia.com.br\/noticia\/imagens\/bbb_paredao_votacao_enquete-187x187.jpg 187w, https:\/\/migracao.redenoticia.com.br\/noticia\/imagens\/bbb_paredao_votacao_enquete.jpg 300w, https:\/\/migracao.redenoticia.com.br\/noticia\/imagens\/bbb_paredao_votacao_enquete-150x150.jpg 150w, https:\/\/migracao.redenoticia.com.br\/noticia\/imagens\/bbb_paredao_votacao_enquete-110x110.jpg 110w, https:\/\/migracao.redenoticia.com.br\/noticia\/imagens\/bbb_paredao_votacao_enquete-50x50.jpg 50w\" sizes=\"auto, (max-width: 187px) 100vw, 187px\" \/><\/a><strong><em>\u201cBBB\u201d 15:<\/em><\/strong> em 08\/03, no in\u00edcio da noite, Tamires pegou as malas e entrou no confession\u00e1rio. \u201cPelo amor de Deus, n\u00e3o sai n\u00e3o\u201d, implorou Adrilles. Amanda se despediu da sister e, entre l\u00e1grimas, lamentou n\u00e3o ter conseguido manter Tamires no confinamento. <\/p>\n<p>Enquanto todos lamentavam, \u00e1udio da produ\u00e7\u00e3o entrou e disse que todos est\u00e3o em um jogo e, quem quiser, pode desistir, mas quem ficar: bola pra frente, sem luto. Amanda, Fernando e Rafael imediatamente come\u00e7aram a falar sobre o pared\u00e3o. Adrilles e C\u00e9zar cumpriram o castigo do monstro. <\/p>\n<p>C\u00e9zar falou para Adrilles se animar e ele disse que precisa de um tempo. Luan falou para Adrilles e C\u00e9zar que pode entrar um novo concorrente. Mariza entrou no banho.<\/p>\n<p>&#8212;<br \/>\nConcorrentes que entraram na casa em 20\/01: Adrilles, 40 anos, escritor de Belo Horizonte (MG); Amanda, 28 anos, empres\u00e1ria de S\u00e3o Paulo (SP); Ang\u00e9lica, 33 anos, auxiliar de enfermagem de Embu das Artes (SP); C\u00e9zar, 30 anos, estudante de direito de Guarapuava (PR); Douglas, 29 anos, motoboy de S\u00e3o Paulo (SP); Fernando, 32 anos, produtor cultural do Rio de Janeiro (RJ); Francieli, 36 anos, conciliadora criminal de Porto Alegre (RS); Luan, 23 anos, gerente de sal\u00e3o de beleza de Mesquita (RJ); Marco, 35 anos, te\u00f3logo de Curitiba (PR); Mariza, 51 anos, professora de artes de Recife (PE); Rafael, 21 anos, estudante de administra\u00e7\u00e3o de Vit\u00f3ria (ES); Talita, 22 anos, aeromo\u00e7a de Goi\u00e2nia (GO); e Tamires, 24 anos, cirurgi\u00e3 dentista de S\u00e3o Paulo (SP).<\/p>\n<p>Concorrentes que entraram na casa em 21\/01: Aline, de 24 anos, de Belo Horizonte, e J\u00falia, de 23 anos, brasiliense, criada desde pequena em Vit\u00f3ria (ES).<\/p>\n<p>Fonte e imagem<a href=\"http:\/\/gshow.globo.com\/bbb\/blog-da-producao\/index.html\" target=\"_blank\"> &#8220;BBB&#8221; 15 Rede Globo<\/a><\/p>\n","protected":false},"excerpt":{"rendered":"<p>\u201cBBB\u201d 15: em 08\/03, no in\u00edcio da noite, Tamires pegou as malas e entrou no confession\u00e1rio. \u201cPelo amor de Deus, n\u00e3o sai n\u00e3o\u201d, implorou Adrilles. Amanda se despediu da sister e, entre l\u00e1grimas, lamentou n\u00e3o ter conseguido manter Tamires no confinamento. Enquanto todos lamentavam, \u00e1udio da produ\u00e7\u00e3o entrou e disse que todos est\u00e3o em um [&hellip;]<\/p>\n","protected":false},"author":2,"featured_media":64478,"comment_status":"open","ping_status":"closed","sticky":false,"template":"","format":"standard","meta":{"tdm_status":"","tdm_grid_status":"","footnotes":""},"categories":[520,375,343],"tags":[],"class_list":{"0":"post-67431","1":"post","2":"type-post","3":"status-publish","4":"format-standard","5":"has-post-thumbnail","7":"category-big-brother-brasil","8":"category-rede-globo","9":"category-televisao"},"_links":{"self":[{"href":"https:\/\/migracao.redenoticia.com.br\/noticia\/wp-json\/wp\/v2\/posts\/67431","targetHints":{"allow":["GET"]}}],"collection":[{"href":"https:\/\/migracao.redenoticia.com.br\/noticia\/wp-json\/wp\/v2\/posts"}],"about":[{"href":"https:\/\/migracao.redenoticia.com.br\/noticia\/wp-json\/wp\/v2\/types\/post"}],"author":[{"embeddable":true,"href":"https:\/\/migracao.redenoticia.com.br\/noticia\/wp-json\/wp\/v2\/users\/2"}],"replies":[{"embeddable":true,"href":"https:\/\/migracao.redenoticia.com.br\/noticia\/wp-json\/wp\/v2\/comments?post=67431"}],"version-history":[{"count":0,"href":"https:\/\/migracao.redenoticia.com.br\/noticia\/wp-json\/wp\/v2\/posts\/67431\/revisions"}],"wp:featuredmedia":[{"embeddable":true,"href":"https:\/\/migracao.redenoticia.com.br\/noticia\/wp-json\/wp\/v2\/media\/64478"}],"wp:attachment":[{"href":"https:\/\/migracao.redenoticia.com.br\/noticia\/wp-json\/wp\/v2\/media?parent=67431"}],"wp:term":[{"taxonomy":"category","embeddable":true,"href":"https:\/\/migracao.redenoticia.com.br\/noticia\/wp-json\/wp\/v2\/categories?post=67431"},{"taxonomy":"post_tag","embeddable":true,"href":"https:\/\/migracao.redenoticia.com.br\/noticia\/wp-json\/wp\/v2\/tags?post=67431"}],"curies":[{"name":"wp","href":"https:\/\/api.w.org\/{rel}","templated":true}]}}