{"id":6750,"date":"2009-07-28T16:21:50","date_gmt":"2009-07-28T20:21:50","guid":{"rendered":"http:\/\/www.redenoticia.com.br\/noticia\/?p=6750"},"modified":"2009-07-28T16:21:50","modified_gmt":"2009-07-28T20:21:50","slug":"minha-casa-minha-vida-caixa-assina-os-primeiros-contratos-na-bahia","status":"publish","type":"post","link":"https:\/\/migracao.redenoticia.com.br\/noticia\/2009\/minha-casa-minha-vida-caixa-assina-os-primeiros-contratos-na-bahia\/6750","title":{"rendered":"Minha Casa, Minha Vida: Caixa assina os primeiros contratos na Bahia"},"content":{"rendered":"<p>Minha Casa, Minha Vida: A Caixa Econ\u00f4mica Federal assinou ontem (27) os primeiros contratos para constru\u00e7\u00e3o de empreendimentos na Bahia para fam\u00edlias com renda de 0 a 3 sal\u00e1rios m\u00ednimos dentro do programa \u2018Minha Casa, Minha Vida\u2019. Ser\u00e3o constru\u00eddas 2.274 moradias, totalizando o investimento de R$ 96,5 milh\u00f5es.<\/p>\n<p>Pela manh\u00e3, o vice-presidente de Governo da CAIXA, Jorge Fontes Hereda, assinou em Feira de Santana e Alagoinhas os contratos para constru\u00e7\u00e3o de casas populares que beneficiar\u00e1 1.268 fam\u00edlias de baixa renda, com investimento total de R$ 51,3 milh\u00f5es. Em Feira de Santana, ser\u00e1 constru\u00eddo o Residencial S\u00e3o Francisco com 240 unidades. Em Alagoinhas, ser\u00e3o constru\u00eddas 488 unidades no Condom\u00ednio Alagoinhas e 540 unidades no Condom\u00ednio Nulce Pereira Gon\u00e7alves.<\/p>\n<p>\u00c0 tarde, o vice-presidente da CAIXA assinou as contrata\u00e7\u00f5es para os dois primeiros empreendimentos na Regi\u00e3o Metropolitana de Salvador. Ser\u00e3o beneficiadas 1.006 fam\u00edlias com renda de 0 a 3 sal\u00e1rios m\u00ednimos em Cama\u00e7ar\u00ed. As moradias populares ser\u00e3o constru\u00eddas nos empreendimentos Residencial Ch\u00e1cara de Santo Antonio, com 495 unidades, e Residencial Parque S\u00e3o Vicente, com mais 511 unidades. O investimento total em Cama\u00e7ar\u00ed \u00e9 de R$ 45 milh\u00f5es.<\/p>\n<p>Tamb\u00e9m na mesma data, a CAIXA assinou 140 contratos de financiamento do empreendimento Residencial Vida Bela, em Lauro de Freitas, que beneficiar\u00e1 fam\u00edlias com renda entre 3 e 10 sal\u00e1rios m\u00ednimos. O condom\u00ednio conta com o total de 600 moradias, que ter\u00e3o um valor m\u00e9dio de R$ 75 mil<\/p>\n<p><strong><span style=\"text-decoration: underline;\">O programa<\/span><\/strong><\/p>\n<p>O \u2018Programa Minha Casa, Minha Vida\u2019, do Governo Federal, em parceria com estados, munic\u00edpios, empresas e movimentos sociais, conta com o interm\u00e9dio da CAIXA nas assinaturas de ades\u00f5es de estados e munic\u00edpios e no fornecimento do modelo de instru\u00e7\u00e3o de doa\u00e7\u00e3o de terreno \u00e0s prefeituras. O objetivo \u00e9 construir 1 milh\u00e3o de novas moradias para a popula\u00e7\u00e3o de todo o pa\u00eds.<\/p>\n<p>Somente no estado da Bahia, foram j\u00e1 recebidas 68 propostas de empreendimentos com 20.790 unidades no valor total de R$ 956 milh\u00f5es. At\u00e9 o momento foram contratadas 324 unidades no valor de R$ 15,1 milh\u00f5es.<\/p>\n<p>Assessoria de Imprensa da CAIXA \u2013 Regional Salvador<\/p>\n","protected":false},"excerpt":{"rendered":"<p>Minha Casa, Minha Vida: A Caixa Econ\u00f4mica Federal assinou ontem (27) os primeiros contratos para constru\u00e7\u00e3o de empreendimentos na Bahia para fam\u00edlias com renda de 0 a 3 sal\u00e1rios m\u00ednimos dentro do programa \u2018Minha Casa, Minha Vida\u2019. Ser\u00e3o constru\u00eddas 2.274 moradias, totalizando o investimento de R$ 96,5 milh\u00f5es. Pela manh\u00e3, o vice-presidente de Governo da [&hellip;]<\/p>\n","protected":false},"author":2,"featured_media":0,"comment_status":"open","ping_status":"open","sticky":false,"template":"","format":"standard","meta":{"tdm_status":"","tdm_grid_status":"","footnotes":""},"categories":[22,7],"tags":[],"class_list":{"0":"post-6750","1":"post","2":"type-post","3":"status-publish","4":"format-standard","6":"category-brasil","7":"category-economia"},"_links":{"self":[{"href":"https:\/\/migracao.redenoticia.com.br\/noticia\/wp-json\/wp\/v2\/posts\/6750","targetHints":{"allow":["GET"]}}],"collection":[{"href":"https:\/\/migracao.redenoticia.com.br\/noticia\/wp-json\/wp\/v2\/posts"}],"about":[{"href":"https:\/\/migracao.redenoticia.com.br\/noticia\/wp-json\/wp\/v2\/types\/post"}],"author":[{"embeddable":true,"href":"https:\/\/migracao.redenoticia.com.br\/noticia\/wp-json\/wp\/v2\/users\/2"}],"replies":[{"embeddable":true,"href":"https:\/\/migracao.redenoticia.com.br\/noticia\/wp-json\/wp\/v2\/comments?post=6750"}],"version-history":[{"count":0,"href":"https:\/\/migracao.redenoticia.com.br\/noticia\/wp-json\/wp\/v2\/posts\/6750\/revisions"}],"wp:attachment":[{"href":"https:\/\/migracao.redenoticia.com.br\/noticia\/wp-json\/wp\/v2\/media?parent=6750"}],"wp:term":[{"taxonomy":"category","embeddable":true,"href":"https:\/\/migracao.redenoticia.com.br\/noticia\/wp-json\/wp\/v2\/categories?post=6750"},{"taxonomy":"post_tag","embeddable":true,"href":"https:\/\/migracao.redenoticia.com.br\/noticia\/wp-json\/wp\/v2\/tags?post=6750"}],"curies":[{"name":"wp","href":"https:\/\/api.w.org\/{rel}","templated":true}]}}