{"id":67522,"date":"2015-03-10T12:58:15","date_gmt":"2015-03-10T15:58:15","guid":{"rendered":"http:\/\/www.redenoticia.com.br\/noticia\/?p=67522"},"modified":"2015-03-10T12:58:15","modified_gmt":"2015-03-10T15:58:15","slug":"ciencias-farmaceuticas-da-usp-oferece-disciplina-sobre-alergia-alimentar","status":"publish","type":"post","link":"https:\/\/migracao.redenoticia.com.br\/noticia\/2015\/ciencias-farmaceuticas-da-usp-oferece-disciplina-sobre-alergia-alimentar\/67522","title":{"rendered":"Ci\u00eancias Farmac\u00eauticas da USP oferece disciplina sobre alergia alimentar"},"content":{"rendered":"<p>Ag\u00eancia FAPESP \u2013 Est\u00e3o abertas, at\u00e9 o dia 13 de mar\u00e7o, as inscri\u00e7\u00f5es para a disciplina de <strong><em>p\u00f3s-gradua\u00e7\u00e3o intitulada Alergia Alimentar<\/em><\/strong>, na Faculdade de Ci\u00eancias Farmac\u00eauticas (FCF) da Universidade de S\u00e3o Paulo (USP).<\/p>\n<p>As aulas ser\u00e3o ministradas de 16 de mar\u00e7o a 22 de mar\u00e7o pelos professores Jo\u00e3o Roberto Oliveira do Nascimento, da FCF, e Marcos Julio Caruso Alcocer, da School of Biosciences da University of Nottingham, no Reino Unido.<\/p>\n<p>Alcocer tem larga experi\u00eancia na pesquisa de al\u00e9rgenos alimentares e foi premiado no Reino Unido, na categoria \u201cBreakthrough Techonology Award in Health\u201d, por seu trabalho no desenvolvimento de arrays para a detec\u00e7\u00e3o de sensibiliza\u00e7\u00e3o al\u00e9rgica<\/p>\n<p>A disciplina ser\u00e1 ministrada no anfiteatro lil\u00e1s do pr\u00e9dio circular da faculdade, das 9h \u00e0s 12h. A FCF fica na Avenida Professor Lineu Prestes, 580, bloco 13 A, piso superior, na Cidade Universit\u00e1ria, em S\u00e3o Paulo.<\/p>\n<p>Mais informa\u00e7\u00f5es podem ser obtidas com Irineu Ruel de Oliveira, chefe do Servi\u00e7o de P\u00f3s-Gradua\u00e7\u00e3o da unidade, pelo telefone (11) 3091-3621 e pelo e-mail: iro@usp.br.<\/p>\n","protected":false},"excerpt":{"rendered":"<p>Ag\u00eancia FAPESP \u2013 Est\u00e3o abertas, at\u00e9 o dia 13 de mar\u00e7o, as inscri\u00e7\u00f5es para a disciplina de p\u00f3s-gradua\u00e7\u00e3o intitulada Alergia Alimentar, na Faculdade de Ci\u00eancias Farmac\u00eauticas (FCF) da Universidade de S\u00e3o Paulo (USP). As aulas ser\u00e3o ministradas de 16 de mar\u00e7o a 22 de mar\u00e7o pelos professores Jo\u00e3o Roberto Oliveira do Nascimento, da FCF, e [&hellip;]<\/p>\n","protected":false},"author":2,"featured_media":36215,"comment_status":"open","ping_status":"closed","sticky":false,"template":"","format":"standard","meta":{"tdm_status":"","tdm_grid_status":"","footnotes":""},"categories":[22,351,370],"tags":[],"class_list":{"0":"post-67522","1":"post","2":"type-post","3":"status-publish","4":"format-standard","5":"has-post-thumbnail","7":"category-brasil","8":"category-cursos","9":"category-inscricao"},"_links":{"self":[{"href":"https:\/\/migracao.redenoticia.com.br\/noticia\/wp-json\/wp\/v2\/posts\/67522","targetHints":{"allow":["GET"]}}],"collection":[{"href":"https:\/\/migracao.redenoticia.com.br\/noticia\/wp-json\/wp\/v2\/posts"}],"about":[{"href":"https:\/\/migracao.redenoticia.com.br\/noticia\/wp-json\/wp\/v2\/types\/post"}],"author":[{"embeddable":true,"href":"https:\/\/migracao.redenoticia.com.br\/noticia\/wp-json\/wp\/v2\/users\/2"}],"replies":[{"embeddable":true,"href":"https:\/\/migracao.redenoticia.com.br\/noticia\/wp-json\/wp\/v2\/comments?post=67522"}],"version-history":[{"count":0,"href":"https:\/\/migracao.redenoticia.com.br\/noticia\/wp-json\/wp\/v2\/posts\/67522\/revisions"}],"wp:featuredmedia":[{"embeddable":true,"href":"https:\/\/migracao.redenoticia.com.br\/noticia\/wp-json\/wp\/v2\/media\/36215"}],"wp:attachment":[{"href":"https:\/\/migracao.redenoticia.com.br\/noticia\/wp-json\/wp\/v2\/media?parent=67522"}],"wp:term":[{"taxonomy":"category","embeddable":true,"href":"https:\/\/migracao.redenoticia.com.br\/noticia\/wp-json\/wp\/v2\/categories?post=67522"},{"taxonomy":"post_tag","embeddable":true,"href":"https:\/\/migracao.redenoticia.com.br\/noticia\/wp-json\/wp\/v2\/tags?post=67522"}],"curies":[{"name":"wp","href":"https:\/\/api.w.org\/{rel}","templated":true}]}}