{"id":67526,"date":"2015-03-10T13:13:36","date_gmt":"2015-03-10T16:13:36","guid":{"rendered":"http:\/\/www.redenoticia.com.br\/noticia\/?p=67526"},"modified":"2015-03-10T13:13:36","modified_gmt":"2015-03-10T16:13:36","slug":"fatec-divulga-calendario-do-vestibular-do-2o-semestre","status":"publish","type":"post","link":"https:\/\/migracao.redenoticia.com.br\/noticia\/2015\/fatec-divulga-calendario-do-vestibular-do-2o-semestre\/67526","title":{"rendered":"Fatec divulga calend\u00e1rio do Vestibular do 2\u00ba semestre"},"content":{"rendered":"<p>O Centro Paula Souza divulgou nesta segunda-feira, 9, o calend\u00e1rio do <em><strong>Vestibular Fatec<\/strong><\/em> do 2\u00ba semestre de 2015. As inscri\u00e7\u00f5es come\u00e7am no dia 5 de maio e a prova est\u00e1 marcada para 5 de julho, \u00e0s 13h. O valor da taxa ser\u00e1 de R$ 70. O calend\u00e1rio completo j\u00e1 est\u00e1 dispon\u00edvel no site do .<\/p>\n<p>Os vestibulandos que precisam de isen\u00e7\u00e3o da taxa j\u00e1 podem fazer seu pedido. Est\u00e3o sendo oferecidas seis mil isen\u00e7\u00f5es, e os candidatos podem pedir isen\u00e7\u00e3o total e redu\u00e7\u00e3o de 50% na taxa de inscri\u00e7\u00e3o do processo seletivo. O prazo vai at\u00e9 7 de abril.<\/p>\n<p>Os interessados em pedir a isen\u00e7\u00e3o dever\u00e3o preencher o formul\u00e1rio espec\u00edfico que estar\u00e1 dispon\u00edvel no site do . \u00c9 preciso guardar o n\u00famero do protocolo, que dever\u00e1 constar do envelope que vai conter os documentos comprobat\u00f3rios. Veja mais informa\u00e7\u00f5es\u00a0.<\/p>\n<p>Do Portal do Governo do Estado SP<\/p>\n<p>&#8212;<br \/>\nPrograma\u00e7\u00e3o para o Processo Seletivo Vestibular 2\u00ba SEM\/15.<\/p>\n<p>De 06\/03 at\u00e9 \u00e0s 15h do dia 07\/04\/2015 &#8211; Inscri\u00e7\u00f5es para isen\u00e7\u00e3o\/redu\u00e7\u00e3o da taxa no site www.vestibularfatec.com.br e entrega nas Fatecs (nos dias \u00fateis das 9h \u00e0s 20h) da documenta\u00e7\u00e3o de isen\u00e7\u00e3o\/redu\u00e7\u00e3o da taxa<br \/>\nA partir de 05\/05\/2015 &#8211; Divulga\u00e7\u00e3o no site www.vestibularfatec.com.br do resultado da solicita\u00e7\u00e3o de isen\u00e7\u00e3o\/redu\u00e7\u00e3o da taxa de inscri\u00e7\u00e3o<br \/>\nDe 05\/05 at\u00e9 \u00e0s 15h do dia 09\/06\/2015 &#8211; Inscri\u00e7\u00f5es do Processo Seletivo no site www.vestibularfatec.com.br<br \/>\n29\/06\/2015 &#8211; Divulga\u00e7\u00e3o dos locais de Exame<br \/>\n05\/07\/2015 (domingo), \u00e0s 13h \u2013 Exame \u2013 dura\u00e7\u00e3o da prova: 5 horas<br \/>\n05\/07\/2015 (domingo), a partir das 18h30min &#8211; Divulga\u00e7\u00e3o do gabarito oficial<br \/>\n21\/07\/2015 &#8211; Divulga\u00e7\u00e3o da lista de classifica\u00e7\u00e3o geral, da 1\u00aa lista de convoca\u00e7\u00e3o e do desempenho dos candidatos<br \/>\n22 e 23\/07\/2015 &#8211; Matr\u00edcula da 1\u00aa lista de convoca\u00e7\u00e3o<br \/>\n24\/07\/2015 &#8211; Divulga\u00e7\u00e3o da 2\u00aa lista de convoca\u00e7\u00e3o<br \/>\n27\/07\/2015 &#8211; Matr\u00edcula da 2\u00aa lista de convoca\u00e7\u00e3o<br \/>\nValor da taxa de inscri\u00e7\u00e3o<br \/>\nR$ 70,00 (setenta reais)<\/p>\n","protected":false},"excerpt":{"rendered":"<p>O Centro Paula Souza divulgou nesta segunda-feira, 9, o calend\u00e1rio do Vestibular Fatec do 2\u00ba semestre de 2015. As inscri\u00e7\u00f5es come\u00e7am no dia 5 de maio e a prova est\u00e1 marcada para 5 de julho, \u00e0s 13h. O valor da taxa ser\u00e1 de R$ 70. O calend\u00e1rio completo j\u00e1 est\u00e1 dispon\u00edvel no site do . [&hellip;]<\/p>\n","protected":false},"author":2,"featured_media":36244,"comment_status":"open","ping_status":"closed","sticky":false,"template":"","format":"standard","meta":{"tdm_status":"","tdm_grid_status":"","footnotes":""},"categories":[22,370,295],"tags":[],"class_list":{"0":"post-67526","1":"post","2":"type-post","3":"status-publish","4":"format-standard","5":"has-post-thumbnail","7":"category-brasil","8":"category-inscricao","9":"category-vestibular"},"_links":{"self":[{"href":"https:\/\/migracao.redenoticia.com.br\/noticia\/wp-json\/wp\/v2\/posts\/67526","targetHints":{"allow":["GET"]}}],"collection":[{"href":"https:\/\/migracao.redenoticia.com.br\/noticia\/wp-json\/wp\/v2\/posts"}],"about":[{"href":"https:\/\/migracao.redenoticia.com.br\/noticia\/wp-json\/wp\/v2\/types\/post"}],"author":[{"embeddable":true,"href":"https:\/\/migracao.redenoticia.com.br\/noticia\/wp-json\/wp\/v2\/users\/2"}],"replies":[{"embeddable":true,"href":"https:\/\/migracao.redenoticia.com.br\/noticia\/wp-json\/wp\/v2\/comments?post=67526"}],"version-history":[{"count":0,"href":"https:\/\/migracao.redenoticia.com.br\/noticia\/wp-json\/wp\/v2\/posts\/67526\/revisions"}],"wp:featuredmedia":[{"embeddable":true,"href":"https:\/\/migracao.redenoticia.com.br\/noticia\/wp-json\/wp\/v2\/media\/36244"}],"wp:attachment":[{"href":"https:\/\/migracao.redenoticia.com.br\/noticia\/wp-json\/wp\/v2\/media?parent=67526"}],"wp:term":[{"taxonomy":"category","embeddable":true,"href":"https:\/\/migracao.redenoticia.com.br\/noticia\/wp-json\/wp\/v2\/categories?post=67526"},{"taxonomy":"post_tag","embeddable":true,"href":"https:\/\/migracao.redenoticia.com.br\/noticia\/wp-json\/wp\/v2\/tags?post=67526"}],"curies":[{"name":"wp","href":"https:\/\/api.w.org\/{rel}","templated":true}]}}