{"id":6755,"date":"2009-07-28T16:56:47","date_gmt":"2009-07-28T20:56:47","guid":{"rendered":"http:\/\/www.redenoticia.com.br\/noticia\/?p=6755"},"modified":"2009-07-28T16:56:47","modified_gmt":"2009-07-28T20:56:47","slug":"mec-plataforma-freira-conta-com-a-mobilizacao-dos-estados-para-inscricao-dos-professores","status":"publish","type":"post","link":"https:\/\/migracao.redenoticia.com.br\/noticia\/2009\/mec-plataforma-freira-conta-com-a-mobilizacao-dos-estados-para-inscricao-dos-professores\/6755","title":{"rendered":"MEC Plataforma Freira conta com a mobiliza\u00e7\u00e3o dos Estados para inscri\u00e7\u00e3o dos professores"},"content":{"rendered":"<p>MEC &#8211; A mobiliza\u00e7\u00e3o nos estados tem a meta de ocupar as vagas at\u00e9 a pr\u00f3xima <strong><span style=\"font-weight: normal;\">sexta-feira, 31<\/span><\/strong>, que \u00e9 o \u00faltimo dia das inscri\u00e7\u00f5es. Para garantir a matr\u00edcula, o professor tem que se inscrever na Plataforma Freire. As secretarias de educa\u00e7\u00e3o do Piau\u00ed e do Rio Grande do Norte est\u00e3o divulgando em cada munic\u00edpio de seus estados a abertura de vagas gratuitas em cursos de licenciaturas para professores da educa\u00e7\u00e3o b\u00e1sica.<br \/>\nO Piau\u00ed tem lugar dispon\u00edvel para 2.500 professores e o Rio Grande do Norte possui 313 vagas, mas at\u00e9 o come\u00e7o da tarde desta ter\u00e7a-feira, 28, o Piau\u00ed tinha 335 inscritos e o Rio Grande do Norte 66. O esfor\u00e7o de divulga\u00e7\u00e3o das vagas nos munic\u00edpios foi precedido de comunicados, informes e avisos veiculados em r\u00e1dios e televis\u00f5es.<\/p>\n<p>O ingresso de professores em cursos de licenciatura faz parte do Plano Nacional de Forma\u00e7\u00e3o de Professores, lan\u00e7ado em 28 de maio. Para a execu\u00e7\u00e3o do plano, o Minist\u00e9rio da Educa\u00e7\u00e3o fez parceria com as secretarias estaduais de educa\u00e7\u00e3o e com 90 institui\u00e7\u00f5es p\u00fablicas e comunit\u00e1rias de ensino superior. A parceria funciona assim: o professor escolhe o curso e se inscreve; a secretaria de educa\u00e7\u00e3o valida o ingresso; e a universidade faz a matr\u00edcula. Se tiver mais inscri\u00e7\u00f5es que vagas, a universidade faz uma sele\u00e7\u00e3o, que pode ser por sorteio.<\/p>\n<p>O plano prev\u00ea ingressos em cinco semestres: segundo semestre de 2009, primeiro e segundo de 2010, primeiro e segundo de 2011. No conjunto, s\u00e3o 330 mil vagas exclusivas para professores no exerc\u00edcio do magist\u00e9rio em escolas p\u00fablicas.<\/p>\n<p><strong><span style=\"font-weight: normal;\">Mobiliza\u00e7\u00e3o nos estados<\/span><\/strong> &#8211; Para que os professores do Rio Grande do Norte tomem conhecimento da oferta de vagas, diz a coordenadora de desenvolvimento escolar, L\u00facia de Souza, a secretaria do estado montou equipes que est\u00e3o visitando as 16 regionais de ensino. O trabalho come\u00e7ou h\u00e1 uma semana, mas L\u00facia avalia que n\u00e3o ser\u00e1 poss\u00edvel preencher as vagas at\u00e9 <strong><span style=\"font-weight: normal;\">dia 31<\/span><\/strong><strong>.<\/strong> Ela sugere que o prazo seja prorrogado.<\/p>\n<p>No Piau\u00ed, a estrat\u00e9gia de mobiliza\u00e7\u00e3o envolve dois t\u00e9cnicos de inform\u00e1tica treinados para auxiliar os professores no preenchimento da ficha de inscri\u00e7\u00e3o. A assist\u00eancia \u00e9 pelo telefone 2107-3311. A secretaria promoveu um encontro com as 21 ger\u00eancias regionais na semana passada para ampliar a divulga\u00e7\u00e3o do plano de forma\u00e7\u00e3o de professores, das vagas e do prazo de inscri\u00e7\u00e3o.<\/p>\n<p>A secret\u00e1ria de educa\u00e7\u00e3o de Goi\u00e1s, Milca Severino Pereira, diz que o preenchimento das vagas no estado foi prejudicado porque julho \u00e9 o m\u00eas de f\u00e9rias coletivas nas escolas p\u00fablicas. Goi\u00e1s tem 2.100 vagas e at\u00e9 esta ter\u00e7a-feira tem 675 inscritos. Embora defenda a prorroga\u00e7\u00e3o do prazo de inscri\u00e7\u00f5es, a secret\u00e1ria diz que o estado far\u00e1 todo o esfor\u00e7o para ocupar as vagas. \u201cTemos professores interessados e reconhecemos a import\u00e2ncia de usar essa oportunidade de forma\u00e7\u00e3o\u201d.<\/p>\n<p>Entre as estrat\u00e9gias de mobiliza\u00e7\u00e3o, a secretaria de educa\u00e7\u00e3o de Goi\u00e1s colocou no portal da secretaria uma chamada para a Plataforma Freire e fez divulga\u00e7\u00e3o na imprensa, r\u00e1dio e televis\u00f5es locais. Na volta \u00e0s aulas, que ser\u00e1 na pr\u00f3xima segunda-feira, 3 de agosto, a secretaria far\u00e1 um comunicado direto para as escolas estaduais e para as 38 regionais de ensino, que s\u00e3o o canal de comunica\u00e7\u00e3o entre a secretaria do estado com os munic\u00edpios goianos.<\/p>\n<p>Milca Severino Pereira explica como funciona esse sistema de informa\u00e7\u00e3o: a regional do munic\u00edpio de Posse, por exemplo, \u00e9 respons\u00e1vel por 11 munic\u00edpios da microrregi\u00e3o. Ao receber o pedido da secretaria, o representante vai nas 11 secretarias municipais levar as informa\u00e7\u00f5es e prestar esclarecimentos que, depois, ser\u00e3o transmitidos \u00e0s escolas.<\/p>\n<p><strong>Vagas para 2009<\/strong> \u2013 O Plano Nacional de Forma\u00e7\u00e3o de Professores oferece neste semestre 57.784 vagas em cursos de licenciaturas, em 17 estados. At\u00e9 \u00e0s 14 horas desta ter\u00e7a-feira, a Plataforma Freire registrou 34.285 inscri\u00e7\u00f5es, o que corresponde a 60% da ocupa\u00e7\u00e3o das vagas.<\/p>\n<p>Na <a href=\"http:\/\/freire.mec.gov.br\/index\/principal\" target=\"_blank\">Plataforma Freire<\/a>, o professor encontra uma s\u00e9rie de informa\u00e7\u00f5es: pode, por exemplo, consultar o n\u00famero de vagas por estado e no seu munic\u00edpio, ver quais licenciaturas est\u00e3o dispon\u00edveis, se o curso \u00e9 presencial ou a dist\u00e2ncia, se inscrever e fazer at\u00e9 tr\u00eas op\u00e7\u00f5es de cursos. Pode, ainda, programar o ingresso em curso de forma\u00e7\u00e3o em 2010 ou 2011. Para ingresso em 2009, as inscri\u00e7\u00f5es devem ser feitas at\u00e9 a pr\u00f3xima sexta-feira,<strong> <\/strong><strong><span style=\"font-weight: normal;\">dia 31<\/span><\/strong>.<\/p>\n<p>MEC &#8211; Ionice Lorenzoni<\/p>\n","protected":false},"excerpt":{"rendered":"<p>MEC &#8211; A mobiliza\u00e7\u00e3o nos estados tem a meta de ocupar as vagas at\u00e9 a pr\u00f3xima sexta-feira, 31, que \u00e9 o \u00faltimo dia das inscri\u00e7\u00f5es. Para garantir a matr\u00edcula, o professor tem que se inscrever na Plataforma Freire. As secretarias de educa\u00e7\u00e3o do Piau\u00ed e do Rio Grande do Norte est\u00e3o divulgando em cada munic\u00edpio [&hellip;]<\/p>\n","protected":false},"author":2,"featured_media":0,"comment_status":"open","ping_status":"open","sticky":false,"template":"","format":"standard","meta":{"tdm_status":"","tdm_grid_status":"","footnotes":""},"categories":[22],"tags":[],"class_list":{"0":"post-6755","1":"post","2":"type-post","3":"status-publish","4":"format-standard","6":"category-brasil"},"_links":{"self":[{"href":"https:\/\/migracao.redenoticia.com.br\/noticia\/wp-json\/wp\/v2\/posts\/6755","targetHints":{"allow":["GET"]}}],"collection":[{"href":"https:\/\/migracao.redenoticia.com.br\/noticia\/wp-json\/wp\/v2\/posts"}],"about":[{"href":"https:\/\/migracao.redenoticia.com.br\/noticia\/wp-json\/wp\/v2\/types\/post"}],"author":[{"embeddable":true,"href":"https:\/\/migracao.redenoticia.com.br\/noticia\/wp-json\/wp\/v2\/users\/2"}],"replies":[{"embeddable":true,"href":"https:\/\/migracao.redenoticia.com.br\/noticia\/wp-json\/wp\/v2\/comments?post=6755"}],"version-history":[{"count":0,"href":"https:\/\/migracao.redenoticia.com.br\/noticia\/wp-json\/wp\/v2\/posts\/6755\/revisions"}],"wp:attachment":[{"href":"https:\/\/migracao.redenoticia.com.br\/noticia\/wp-json\/wp\/v2\/media?parent=6755"}],"wp:term":[{"taxonomy":"category","embeddable":true,"href":"https:\/\/migracao.redenoticia.com.br\/noticia\/wp-json\/wp\/v2\/categories?post=6755"},{"taxonomy":"post_tag","embeddable":true,"href":"https:\/\/migracao.redenoticia.com.br\/noticia\/wp-json\/wp\/v2\/tags?post=6755"}],"curies":[{"name":"wp","href":"https:\/\/api.w.org\/{rel}","templated":true}]}}