{"id":6757,"date":"2009-07-28T17:12:04","date_gmt":"2009-07-28T21:12:04","guid":{"rendered":"http:\/\/www.redenoticia.com.br\/noticia\/?p=6757"},"modified":"2009-07-28T17:12:04","modified_gmt":"2009-07-28T21:12:04","slug":"ipea-indicador-preve-crescimento-da-producao-industrial-no-brasil","status":"publish","type":"post","link":"https:\/\/migracao.redenoticia.com.br\/noticia\/2009\/ipea-indicador-preve-crescimento-da-producao-industrial-no-brasil\/6757","title":{"rendered":"Ipea: indicador prev\u00ea crescimento da produ\u00e7\u00e3o industrial no Brasil"},"content":{"rendered":"<p>Estimativa do Ipea \u00e9 de crescimento de 0,3% em rela\u00e7\u00e3o a maio, com destaque para a fabrica\u00e7\u00e3o de autove\u00edculos. A Diretoria de Assuntos Macroecon\u00f4micos (Dimac) do Instituto de Pesquisa Econ\u00f4mica Aplicada (Ipea) estima que a produ\u00e7\u00e3o industrial no Brasil crescer\u00e1 0,3% em junho, na compara\u00e7\u00e3o com maio. O destaque positivo ficou para a produ\u00e7\u00e3o de autove\u00edculos, segundo o texto de apresenta\u00e7\u00e3o do indicador. Ela cresceu 2,9% em rela\u00e7\u00e3o a maio, apesar da queda de 8,2% se comparada a junho de 2008. Mesmo assim, o volume de vendas em junho passado supera o registrado no mesmo m\u00eas de 2008: houve um avan\u00e7o de 17,23%.<\/p>\n<p>O Indicador Ipea de Produ\u00e7\u00e3o Industrial Mensal (PIM) \u00e9 coordenado por Leonardo Mello de Carvalho, t\u00e9cnico de Planejamento e Pesquisa do Grupo de An\u00e1lise e Previs\u00f5es da Dimac. Comp\u00f5em o PIM quatro indicadores coincidentes usados no modelo de previs\u00e3o da produ\u00e7\u00e3o f\u00edsica da Pesquisa Industrial Mensal do Instituto Brasileiro de Geografia e Estat\u00edstica (IBGE): fluxo de ve\u00edculos pesados em rodovias concedidas; produ\u00e7\u00e3o de autove\u00edculos; produ\u00e7\u00e3o de papel\u00e3o; e carga de energia.<\/p>\n<p>A produ\u00e7\u00e3o de papel\u00e3o tamb\u00e9m cresceu em rela\u00e7\u00e3o a maio, mas o fluxo de ve\u00edculos pesados em rodovias recuou 1,2%. No geral, a ind\u00fastria j\u00e1 acumula um avan\u00e7o de 7,8% sobre seu pior momento na recente crise &#8211; ocorrido em dezembro de 2008 -, com cinco altas consecutivas.<\/p>\n<p>A produ\u00e7\u00e3o industrial nos cinco primeiros meses de 2009, por\u00e9m, foi 13,9% menor que no mesmo intervalo de 2008, resultado da crise internacional e do ciclo de estoques. Na compara\u00e7\u00e3o apenas entre junho de 2009 e de 2008, observa-se um recuo de 11,8% na produ\u00e7\u00e3o industrial.<\/p>\n","protected":false},"excerpt":{"rendered":"<p>Estimativa do Ipea \u00e9 de crescimento de 0,3% em rela\u00e7\u00e3o a maio, com destaque para a fabrica\u00e7\u00e3o de autove\u00edculos. A Diretoria de Assuntos Macroecon\u00f4micos (Dimac) do Instituto de Pesquisa Econ\u00f4mica Aplicada (Ipea) estima que a produ\u00e7\u00e3o industrial no Brasil crescer\u00e1 0,3% em junho, na compara\u00e7\u00e3o com maio. O destaque positivo ficou para a produ\u00e7\u00e3o de [&hellip;]<\/p>\n","protected":false},"author":2,"featured_media":0,"comment_status":"open","ping_status":"open","sticky":false,"template":"","format":"standard","meta":{"tdm_status":"","tdm_grid_status":"","footnotes":""},"categories":[22,7],"tags":[],"class_list":{"0":"post-6757","1":"post","2":"type-post","3":"status-publish","4":"format-standard","6":"category-brasil","7":"category-economia"},"_links":{"self":[{"href":"https:\/\/migracao.redenoticia.com.br\/noticia\/wp-json\/wp\/v2\/posts\/6757","targetHints":{"allow":["GET"]}}],"collection":[{"href":"https:\/\/migracao.redenoticia.com.br\/noticia\/wp-json\/wp\/v2\/posts"}],"about":[{"href":"https:\/\/migracao.redenoticia.com.br\/noticia\/wp-json\/wp\/v2\/types\/post"}],"author":[{"embeddable":true,"href":"https:\/\/migracao.redenoticia.com.br\/noticia\/wp-json\/wp\/v2\/users\/2"}],"replies":[{"embeddable":true,"href":"https:\/\/migracao.redenoticia.com.br\/noticia\/wp-json\/wp\/v2\/comments?post=6757"}],"version-history":[{"count":0,"href":"https:\/\/migracao.redenoticia.com.br\/noticia\/wp-json\/wp\/v2\/posts\/6757\/revisions"}],"wp:attachment":[{"href":"https:\/\/migracao.redenoticia.com.br\/noticia\/wp-json\/wp\/v2\/media?parent=6757"}],"wp:term":[{"taxonomy":"category","embeddable":true,"href":"https:\/\/migracao.redenoticia.com.br\/noticia\/wp-json\/wp\/v2\/categories?post=6757"},{"taxonomy":"post_tag","embeddable":true,"href":"https:\/\/migracao.redenoticia.com.br\/noticia\/wp-json\/wp\/v2\/tags?post=6757"}],"curies":[{"name":"wp","href":"https:\/\/api.w.org\/{rel}","templated":true}]}}