{"id":6765,"date":"2009-07-28T18:30:32","date_gmt":"2009-07-28T22:30:32","guid":{"rendered":"http:\/\/www.redenoticia.com.br\/noticia\/?p=6765"},"modified":"2009-07-28T18:30:32","modified_gmt":"2009-07-28T22:30:32","slug":"ministerio-publico-recomenda-regularizacao-do-transporte-escolar-em-nova-uniao-rondonia","status":"publish","type":"post","link":"https:\/\/migracao.redenoticia.com.br\/noticia\/2009\/ministerio-publico-recomenda-regularizacao-do-transporte-escolar-em-nova-uniao-rondonia\/6765","title":{"rendered":"Minist\u00e9rio P\u00fablico recomenda regulariza\u00e7\u00e3o do transporte escolar em Nova Uni\u00e3o, Rond\u00f4nia"},"content":{"rendered":"<p style=\"line-height: 19px; font-style: normal; margin-top: 0.1cm; margin-bottom: 0.1cm;\" lang=\"pt-BR\" align=\"justify\"><span style=\"color: #000000;\"><span style=\"font-family: Arial, sans-serif;\"><span style=\"font-size: small;\"><span style=\"font-family: Arial, sans-serif;\">A falta de cintos de seguran\u00e7a e de outros equipamentos obrigat\u00f3rios nos \u00f4nibus escolares fez com que o Minist\u00e9rio P\u00fablico Federal em Rond\u00f4nia (MPF\/RO) emitisse uma recomenda\u00e7\u00e3o ao munic\u00edpio de Nova Uni\u00e3o para adequa\u00e7\u00e3o urgente no transporte dos alunos. A recomenda\u00e7\u00e3o enfatiza que a prefeitura daquele munic\u00edpio deve garantir seguran\u00e7a no transporte escolar e respeito \u00e0s exig\u00eancias do Conselho Nacional de Tr\u00e2nsito (Contran) e do C\u00f3digo de Tr\u00e2nsito Brasileiro.<\/span><\/span><\/span><\/span><\/p>\n<p style=\"line-height: 19px; font-style: normal; margin-top: 0.1cm; margin-bottom: 0.1cm;\" lang=\"pt-BR\" align=\"justify\"><span style=\"color: #000000;\"><span style=\"font-family: Arial, sans-serif;\"><span style=\"font-size: small;\">A Procuradoria da Rep\u00fablica no Munic\u00edpio de Ji-Paran\u00e1, unidade do MPF\/RO na regi\u00e3o, considera que as condi\u00e7\u00f5es em que se encontram os ve\u00edculos sujeitam os alunos a graves riscos, al\u00e9m de representarem infra\u00e7\u00f5es administrativas ao C\u00f3digo de Tr\u00e2nsito. A an\u00e1lise se baseia em dois documentos sobre a situa\u00e7\u00e3o dos \u00f4nibus escolares. O primeiro \u00e9 um relat\u00f3rio da Controladoria Geral da Uni\u00e3o (CGU) que aponta irregularidades no transporte escolar. O segundo \u00e9 uma vistoria realizada em junho, em que se verificou a falta de cintos de seguran\u00e7a em n\u00famero igual ao de assentos e aus\u00eancia de equipamentos obrigat\u00f3rios como estepe, tri\u00e2ngulo, macaco, chave de roda, limpador de p\u00e1ra-brisa, entre outros.<\/span><\/span><\/span><\/p>\n<p style=\"line-height: 19px; margin-top: 0.1cm; margin-bottom: 0.1cm;\" align=\"justify\"><span style=\"font-family: Arial, sans-serif;\"><span style=\"font-size: small;\">A recomenda\u00e7\u00e3o do MPF foi endere\u00e7ada ao prefeito Luiz Gomes Furtado, <\/span><span style=\"color: #000000;\"><span style=\"font-size: small;\"><span style=\"font-style: normal;\"><span>que tem 20 dias para informar se houve o cumprimento da recomenda\u00e7\u00e3o, devendo-se, para comprov\u00e1-lo, fornecer novo relat\u00f3rio de vistoria<\/span><\/span><\/span><\/span><span style=\"color: #000000;\"><span style=\"font-size: small;\"><span lang=\"pt-BR\"><span style=\"font-style: normal;\"><span>. Na recomenda\u00e7\u00e3o, o MPF lembra que o transporte escolar \u00e9 feito com verbas p\u00fablicas federais e <\/span><\/span><\/span><\/span><\/span><span style=\"color: #000000;\"><span style=\"font-size: small;\"><span style=\"font-style: normal;\"><span>ressalta a urg\u00eancia da regulariza\u00e7\u00e3o do transporte de alunos com o fim de se evitar a paralisa\u00e7\u00e3o do servi\u00e7o<\/span><\/span><\/span><\/span><span style=\"color: #000000;\"><span style=\"font-size: small;\"><span lang=\"pt-BR\"><span style=\"font-style: normal;\"><span>.<\/span><\/span><\/span><\/span><\/span><\/span><\/p>\n","protected":false},"excerpt":{"rendered":"<p>A falta de cintos de seguran\u00e7a e de outros equipamentos obrigat\u00f3rios nos \u00f4nibus escolares fez com que o Minist\u00e9rio P\u00fablico Federal em Rond\u00f4nia (MPF\/RO) emitisse uma recomenda\u00e7\u00e3o ao munic\u00edpio de Nova Uni\u00e3o para adequa\u00e7\u00e3o urgente no transporte dos alunos. A recomenda\u00e7\u00e3o enfatiza que a prefeitura daquele munic\u00edpio deve garantir seguran\u00e7a no transporte escolar e respeito [&hellip;]<\/p>\n","protected":false},"author":2,"featured_media":0,"comment_status":"open","ping_status":"open","sticky":false,"template":"","format":"standard","meta":{"tdm_status":"","tdm_grid_status":"","footnotes":""},"categories":[22],"tags":[],"class_list":{"0":"post-6765","1":"post","2":"type-post","3":"status-publish","4":"format-standard","6":"category-brasil"},"_links":{"self":[{"href":"https:\/\/migracao.redenoticia.com.br\/noticia\/wp-json\/wp\/v2\/posts\/6765","targetHints":{"allow":["GET"]}}],"collection":[{"href":"https:\/\/migracao.redenoticia.com.br\/noticia\/wp-json\/wp\/v2\/posts"}],"about":[{"href":"https:\/\/migracao.redenoticia.com.br\/noticia\/wp-json\/wp\/v2\/types\/post"}],"author":[{"embeddable":true,"href":"https:\/\/migracao.redenoticia.com.br\/noticia\/wp-json\/wp\/v2\/users\/2"}],"replies":[{"embeddable":true,"href":"https:\/\/migracao.redenoticia.com.br\/noticia\/wp-json\/wp\/v2\/comments?post=6765"}],"version-history":[{"count":0,"href":"https:\/\/migracao.redenoticia.com.br\/noticia\/wp-json\/wp\/v2\/posts\/6765\/revisions"}],"wp:attachment":[{"href":"https:\/\/migracao.redenoticia.com.br\/noticia\/wp-json\/wp\/v2\/media?parent=6765"}],"wp:term":[{"taxonomy":"category","embeddable":true,"href":"https:\/\/migracao.redenoticia.com.br\/noticia\/wp-json\/wp\/v2\/categories?post=6765"},{"taxonomy":"post_tag","embeddable":true,"href":"https:\/\/migracao.redenoticia.com.br\/noticia\/wp-json\/wp\/v2\/tags?post=6765"}],"curies":[{"name":"wp","href":"https:\/\/api.w.org\/{rel}","templated":true}]}}