{"id":6781,"date":"2009-07-29T09:47:35","date_gmt":"2009-07-29T13:47:35","guid":{"rendered":"http:\/\/www.redenoticia.com.br\/noticia\/?p=6781"},"modified":"2009-07-29T11:31:00","modified_gmt":"2009-07-29T15:31:00","slug":"previsao-do-tempo-informa-que-temporais-provocaram-transtornos-em-sao-paulo","status":"publish","type":"post","link":"https:\/\/migracao.redenoticia.com.br\/noticia\/2009\/previsao-do-tempo-informa-que-temporais-provocaram-transtornos-em-sao-paulo\/6781","title":{"rendered":"Previs\u00e3o do tempo informa que temporais provocaram transtornos em S\u00e3o Paulo"},"content":{"rendered":"<p>Previs\u00e3o do tempo &#8211; A frente fria que atua em parte do Sul e Sudeste provoca pancadas de chuva, trovoadas e rajadas de vento em v\u00e1rias localidades. Durante a madrugada, as cidades de S\u00e3o Paulo e de Campinas foram atingidas por granizo e rajadas em torno de 50km\/h. Ontem, uma senhora de 40 anos morreu atingida por um raio em Taubat\u00e9, no Vale do Para\u00edba. Na cidade do Rio de Janeiro, um forte temporal, com rajadas em torno de 85km\/h, tamb\u00e9m provocou diversos transtornos.\u00a0<br \/>\nEsta frente fria tamb\u00e9m organiza nuvens carregadas e algumas pancadas de chuva com trovoadas em Rond\u00f4nia, sudoeste de Mato Grosso e Mato Grosso do Sul. J\u00e1 na Regi\u00e3o Sul, especialmente no Rio Grande do Sul, a massa de ar polar que vem provocando frio hist\u00f3rico gerou m\u00ednima negativa no oeste ga\u00facho. Em Quara\u00ed fez -1,2\u00b0C na madrugada. J\u00e1 na maior parte do Nordeste, o tempo permanece seco e ensolarado.<\/p>\n<p>Pr\u00f3ximos dias<br \/>\nSegundo os meteorologistas da Somar, at\u00e9 o pr\u00f3ximo domingo (2), pouca coisa muda no centro e sul do Brasil. O sistema frontal n\u00e3o consegue se deslocar e provoca chuvas no norte e leste do Rio Grande do Sul, Santa Catarina, Paran\u00e1, S\u00e3o Paulo, sul de Minas Gerais, sul do Rio de Janeiro e centro e sul de Mato Grosso do Sul. O acumulado passa dos 100mm no norte de Santa Catarina e leste do Paran\u00e1, 70mm no sul de S\u00e3o Paulo e 30mm no sul de Mato Grosso do Sul. A previs\u00e3o tamb\u00e9m indica o retorno de chuvas mais fortes e generalizadas entre o leste da Bahia e o leste e litoral do Cear\u00e1. Na Regi\u00e3o Norte, as chuvas na forma de pancadas atingem uma \u00e1rea entre o oeste do Acre e o nordeste do Par\u00e1.<\/p>\n<p>Temperaturas<br \/>\nO frio aumenta nos pr\u00f3ximos dias e esperam-se m\u00ednimas negativas e geadas amplas no Rio Grande do Sul e sul de Santa Catarina. No sul de S\u00e3o Paulo e de Mato Grosso do Sul, a m\u00e1xima alcan\u00e7a 20\u00b0C. Por outro lado, esperam-se valores acima dos 36\u00b0C no sudoeste do Par\u00e1, sul do Amazonas, noroeste de Mato Grosso, centro e norte de Rond\u00f4nia e leste do Acre.<\/p>\n","protected":false},"excerpt":{"rendered":"<p>Previs\u00e3o do tempo &#8211; A frente fria que atua em parte do Sul e Sudeste provoca pancadas de chuva, trovoadas e rajadas de vento em v\u00e1rias localidades. Durante a madrugada, as cidades de S\u00e3o Paulo e de Campinas foram atingidas por granizo e rajadas em torno de 50km\/h. Ontem, uma senhora de 40 anos morreu [&hellip;]<\/p>\n","protected":false},"author":3,"featured_media":0,"comment_status":"open","ping_status":"open","sticky":false,"template":"","format":"standard","meta":{"tdm_status":"","tdm_grid_status":"","footnotes":""},"categories":[22,327],"tags":[],"class_list":{"0":"post-6781","1":"post","2":"type-post","3":"status-publish","4":"format-standard","6":"category-brasil","7":"category-clima"},"_links":{"self":[{"href":"https:\/\/migracao.redenoticia.com.br\/noticia\/wp-json\/wp\/v2\/posts\/6781","targetHints":{"allow":["GET"]}}],"collection":[{"href":"https:\/\/migracao.redenoticia.com.br\/noticia\/wp-json\/wp\/v2\/posts"}],"about":[{"href":"https:\/\/migracao.redenoticia.com.br\/noticia\/wp-json\/wp\/v2\/types\/post"}],"author":[{"embeddable":true,"href":"https:\/\/migracao.redenoticia.com.br\/noticia\/wp-json\/wp\/v2\/users\/3"}],"replies":[{"embeddable":true,"href":"https:\/\/migracao.redenoticia.com.br\/noticia\/wp-json\/wp\/v2\/comments?post=6781"}],"version-history":[{"count":0,"href":"https:\/\/migracao.redenoticia.com.br\/noticia\/wp-json\/wp\/v2\/posts\/6781\/revisions"}],"wp:attachment":[{"href":"https:\/\/migracao.redenoticia.com.br\/noticia\/wp-json\/wp\/v2\/media?parent=6781"}],"wp:term":[{"taxonomy":"category","embeddable":true,"href":"https:\/\/migracao.redenoticia.com.br\/noticia\/wp-json\/wp\/v2\/categories?post=6781"},{"taxonomy":"post_tag","embeddable":true,"href":"https:\/\/migracao.redenoticia.com.br\/noticia\/wp-json\/wp\/v2\/tags?post=6781"}],"curies":[{"name":"wp","href":"https:\/\/api.w.org\/{rel}","templated":true}]}}