{"id":6784,"date":"2009-07-29T09:59:22","date_gmt":"2009-07-29T13:59:22","guid":{"rendered":"http:\/\/www.redenoticia.com.br\/noticia\/?p=6784"},"modified":"2009-07-29T11:30:37","modified_gmt":"2009-07-29T15:30:37","slug":"previsao-do-tempo-informa-que-dia-comecou-com-temperaturas-negativas-no-rio-grande-do-sul","status":"publish","type":"post","link":"https:\/\/migracao.redenoticia.com.br\/noticia\/2009\/previsao-do-tempo-informa-que-dia-comecou-com-temperaturas-negativas-no-rio-grande-do-sul\/6784","title":{"rendered":"Previs\u00e3o do tempo informa que dia come\u00e7ou com temperaturas negativas no Rio Grande do Sul"},"content":{"rendered":"<p>Previs\u00e3o do tempo informa que a intensa massa de ar polar que est\u00e1 estacionada sobre o Rio Grande do Sul deixou as temperaturas abaixo de zero em algumas cidades do Estado nesta manh\u00e3 de quarta-feira. Em Bag\u00e9, na fronteira com o Uruguai, os term\u00f4metros marcaram -2\u00b0C, em Quara\u00ed, na Campanha ga\u00facha, a m\u00ednima chegou a -1,5\u00b0C e em Jaguar\u00e3o, no sul do Estado, a temperatura foi de -0,1\u00b0C. Mesmo com o retorno do tempo seco na maior parte da Regi\u00e3o, a temperatura permanece baixa, com m\u00e1xima inferior a 19\u00b0C. Apenas no centro e nordeste do Paran\u00e1, a temperatura sobe um pouco mais nesta quarta-feira e varia entre 20\u00b0C e 22\u00b0C. Segundo os meteorologistas da Somar, hoje a frente fria causa chuvas generalizadas, mas com baixo acumulado apenas no leste do Paran\u00e1.\u00a0<br \/>\nAmanh\u00e3, \u00e1reas de instabilidade voltam a provocar chuvas com baixo acumulado no norte de Santa Catarina e em boa parte do Paran\u00e1. Al\u00e9m disso, a massa de ar polar avan\u00e7a pela Regi\u00e3o e aumenta o frio no Rio Grande do Sul, Santa Catarina e sul do Paran\u00e1. A previs\u00e3o \u00e9 de geada intensa e m\u00ednima negativa, variando entre -1\u00b0C e -3\u00b0C, no centro, sul e nordeste do Rio Grande do Sul e na Serra de Santa Catarina. Na fronteira com o Uruguai, na regi\u00e3o de Bag\u00e9, a temperatura pode chegar a -4\u00b0C, igualando ao recorde de 1970. A m\u00e1xima tamb\u00e9m cai e n\u00e3o chega a 10\u00b0C no sul ga\u00facho e aos 20\u00b0C na maior parte da Regi\u00e3o.<\/p>\n<p>Na sexta-feira, a forma\u00e7\u00e3o de uma nova \u00e1rea de instabilidade volta a provocar pancadas de chuva e trovoadas no norte do Rio Grande do Sul, boa parte de Santa Catarina e no centro, sul, oeste e leste do Paran\u00e1, com acumulado de mais de 60mm no sudoeste paranaense e centro e norte catarinense. Nas demais localidades do Rio Grande do Sul, extremo sul de Santa Catarina e no norte do Paran\u00e1, o tempo permanece seco, com sol entre nuvens. O frio da madrugada retrocede e as geadas atingem apenas o centro e sul do Rio Grande do Sul, com m\u00ednima entre 0\u00b0C e 2\u00b0C. J\u00e1 a m\u00e1xima permanece baixa, com valores em torno de apenas 7\u00b0C na Serra de Santa Catarina e de 10\u00b0C no sudeste do Paran\u00e1, centro e de Santa Catarina e nordeste do Rio Grande do Sul. Entre o s\u00e1bado (1) e a quarta-feira (5), as precipita\u00e7\u00f5es voltam a enfraquecer e atingem o centro, oeste e sul do Rio Grande do Sul, norte de Santa Catarina e leste do Paran\u00e1.<\/p>\n","protected":false},"excerpt":{"rendered":"<p>Previs\u00e3o do tempo informa que a intensa massa de ar polar que est\u00e1 estacionada sobre o Rio Grande do Sul deixou as temperaturas abaixo de zero em algumas cidades do Estado nesta manh\u00e3 de quarta-feira. Em Bag\u00e9, na fronteira com o Uruguai, os term\u00f4metros marcaram -2\u00b0C, em Quara\u00ed, na Campanha ga\u00facha, a m\u00ednima chegou a [&hellip;]<\/p>\n","protected":false},"author":3,"featured_media":0,"comment_status":"open","ping_status":"open","sticky":false,"template":"","format":"standard","meta":{"tdm_status":"","tdm_grid_status":"","footnotes":""},"categories":[22,327],"tags":[],"class_list":{"0":"post-6784","1":"post","2":"type-post","3":"status-publish","4":"format-standard","6":"category-brasil","7":"category-clima"},"_links":{"self":[{"href":"https:\/\/migracao.redenoticia.com.br\/noticia\/wp-json\/wp\/v2\/posts\/6784","targetHints":{"allow":["GET"]}}],"collection":[{"href":"https:\/\/migracao.redenoticia.com.br\/noticia\/wp-json\/wp\/v2\/posts"}],"about":[{"href":"https:\/\/migracao.redenoticia.com.br\/noticia\/wp-json\/wp\/v2\/types\/post"}],"author":[{"embeddable":true,"href":"https:\/\/migracao.redenoticia.com.br\/noticia\/wp-json\/wp\/v2\/users\/3"}],"replies":[{"embeddable":true,"href":"https:\/\/migracao.redenoticia.com.br\/noticia\/wp-json\/wp\/v2\/comments?post=6784"}],"version-history":[{"count":0,"href":"https:\/\/migracao.redenoticia.com.br\/noticia\/wp-json\/wp\/v2\/posts\/6784\/revisions"}],"wp:attachment":[{"href":"https:\/\/migracao.redenoticia.com.br\/noticia\/wp-json\/wp\/v2\/media?parent=6784"}],"wp:term":[{"taxonomy":"category","embeddable":true,"href":"https:\/\/migracao.redenoticia.com.br\/noticia\/wp-json\/wp\/v2\/categories?post=6784"},{"taxonomy":"post_tag","embeddable":true,"href":"https:\/\/migracao.redenoticia.com.br\/noticia\/wp-json\/wp\/v2\/tags?post=6784"}],"curies":[{"name":"wp","href":"https:\/\/api.w.org\/{rel}","templated":true}]}}