{"id":6786,"date":"2009-07-29T10:01:53","date_gmt":"2009-07-29T14:01:53","guid":{"rendered":"http:\/\/www.redenoticia.com.br\/noticia\/?p=6786"},"modified":"2009-07-29T11:30:10","modified_gmt":"2009-07-29T15:30:10","slug":"previsao-do-tempo-indica-quarta-feira-com-chuva-entre-o-sul-sudeste-e-centro-oeste","status":"publish","type":"post","link":"https:\/\/migracao.redenoticia.com.br\/noticia\/2009\/previsao-do-tempo-indica-quarta-feira-com-chuva-entre-o-sul-sudeste-e-centro-oeste\/6786","title":{"rendered":"Previs\u00e3o do tempo indica quarta-feira com chuva entre o Sul, Sudeste e Centro-Oeste"},"content":{"rendered":"<p>Previs\u00e3o do tempo<strong> &#8211;\u00a0<\/strong>A frente fria que est\u00e1 estacionada organiza chuvas em parte de Santa Catarina, Paran\u00e1, S\u00e3o Paulo, Mato Grosso do Sul, oeste de Mato Grosso e at\u00e9 mesmo em Rond\u00f4nia nesta quarta-feira. Al\u00e9m disso, a massa de ar frio que est\u00e1 parada h\u00e1 dias sobre a Regi\u00e3o Sul avan\u00e7a um pouco mais e volta a provocar decl\u00ednio da temperatura m\u00e1xima no sul e leste de s\u00e3o Paulo, boa parte de Mato Grosso do Sul, sudoeste de Mato Grosso e at\u00e9 mesmo alguns pontos de Rond\u00f4nia, Acre e sudoeste do Amazonas. Na maior parte do Rio Grande do Sul, interior de Santa Catarina e sudoeste do Paran\u00e1, o tempo permanece seco, com sol entre nuvens e temperaturas baixas, n\u00e3o passando de 20\u00b0C em toda a Regi\u00e3o.<br \/>\nJ\u00e1 na maior parte do centro e norte do pa\u00eds, a quarta-feira segue com tempo seco, ensolarado e extremamente quente, com m\u00e1ximas acima dos 33\u00b0C em v\u00e1rias localidades. Segundo os meteorologistas da Somar, h\u00e1 previs\u00e3o de chuvas fracas e isoladas apenas no litoral e zona da mata nordestina, no norte do Maranh\u00e3o, partes de Rond\u00f4nia, Acre e sudoeste do Amazonas.<\/p>\n<p>Litoral<br \/>\nQuarta-feira com mar agitado na costa do Rio Grande do Sul e do Rio de Janeiro, onde as ondas chegam a 2m de altura. J\u00e1 os ventos mais fortes ser\u00e3o registrados em Sergipe e Cear\u00e1, com rajadas de quase 35km\/h.<\/p>\n<p>Quinta-feira<br \/>\nA frente fria parada entre o Sul, Sudeste e Centro-Oeste provoca chuvas fracas no norte do Paran\u00e1, sul de Mato Grosso do Sul, boa parte de s\u00e3o Paulo, parte do Rio de Janeiro e sul de Minas Gerais. O frio avan\u00e7a um pouco mais e atinge todo o leste de S\u00e3o Paulo, sul do Rio de Janeiro e de Minas Gerais, al\u00e9m do centro e sul de Mato Grosso do Sul. No Rio Grande do Sul e Santa Catarina, o sol predomina e o frio tamb\u00e9m aumenta. Esperam-se m\u00ednimas negativas e geadas amplas no interior do Rio Grande do Sul e entre 0\u00b0C e 2\u00b0C na Serra de Santa Catarina. J\u00e1 na maior parte do centro e norte do pa\u00eds, o tempo permanece seco, ensolarado e quente.<\/p>\n","protected":false},"excerpt":{"rendered":"<p>Previs\u00e3o do tempo &#8211;\u00a0A frente fria que est\u00e1 estacionada organiza chuvas em parte de Santa Catarina, Paran\u00e1, S\u00e3o Paulo, Mato Grosso do Sul, oeste de Mato Grosso e at\u00e9 mesmo em Rond\u00f4nia nesta quarta-feira. Al\u00e9m disso, a massa de ar frio que est\u00e1 parada h\u00e1 dias sobre a Regi\u00e3o Sul avan\u00e7a um pouco mais e [&hellip;]<\/p>\n","protected":false},"author":3,"featured_media":0,"comment_status":"open","ping_status":"open","sticky":false,"template":"","format":"standard","meta":{"tdm_status":"","tdm_grid_status":"","footnotes":""},"categories":[22,327],"tags":[],"class_list":{"0":"post-6786","1":"post","2":"type-post","3":"status-publish","4":"format-standard","6":"category-brasil","7":"category-clima"},"_links":{"self":[{"href":"https:\/\/migracao.redenoticia.com.br\/noticia\/wp-json\/wp\/v2\/posts\/6786","targetHints":{"allow":["GET"]}}],"collection":[{"href":"https:\/\/migracao.redenoticia.com.br\/noticia\/wp-json\/wp\/v2\/posts"}],"about":[{"href":"https:\/\/migracao.redenoticia.com.br\/noticia\/wp-json\/wp\/v2\/types\/post"}],"author":[{"embeddable":true,"href":"https:\/\/migracao.redenoticia.com.br\/noticia\/wp-json\/wp\/v2\/users\/3"}],"replies":[{"embeddable":true,"href":"https:\/\/migracao.redenoticia.com.br\/noticia\/wp-json\/wp\/v2\/comments?post=6786"}],"version-history":[{"count":0,"href":"https:\/\/migracao.redenoticia.com.br\/noticia\/wp-json\/wp\/v2\/posts\/6786\/revisions"}],"wp:attachment":[{"href":"https:\/\/migracao.redenoticia.com.br\/noticia\/wp-json\/wp\/v2\/media?parent=6786"}],"wp:term":[{"taxonomy":"category","embeddable":true,"href":"https:\/\/migracao.redenoticia.com.br\/noticia\/wp-json\/wp\/v2\/categories?post=6786"},{"taxonomy":"post_tag","embeddable":true,"href":"https:\/\/migracao.redenoticia.com.br\/noticia\/wp-json\/wp\/v2\/tags?post=6786"}],"curies":[{"name":"wp","href":"https:\/\/api.w.org\/{rel}","templated":true}]}}