{"id":6789,"date":"2009-07-29T10:07:32","date_gmt":"2009-07-29T14:07:32","guid":{"rendered":"http:\/\/www.redenoticia.com.br\/noticia\/?p=6789"},"modified":"2009-07-29T11:29:38","modified_gmt":"2009-07-29T15:29:38","slug":"climatempo-sao-paulo-registra-madrugada-de-chuva-e-queda-de-granizo","status":"publish","type":"post","link":"https:\/\/migracao.redenoticia.com.br\/noticia\/2009\/climatempo-sao-paulo-registra-madrugada-de-chuva-e-queda-de-granizo\/6789","title":{"rendered":"Climatempo: S\u00e3o Paulo registra madrugada de chuva e queda de granizo"},"content":{"rendered":"<p>Previs\u00e3o da Climatempo indica mais chuva para os pr\u00f3ximos dias. Uma linha de instabilidade avan\u00e7ou sobre a Grande S\u00e3o Paulo e provocou chuva e queda de granizo na madrugada desta quarta-feira. De acordo com os meteorologistas da Climatempo, a chuva atingiu, principalmente, as cidades da regi\u00e3o oeste da regi\u00e3o metropolitana, como em Osasco, e tamb\u00e9m as zonas sul, central, oeste e norte da capital paulista.<br \/>\nA temperatura m\u00e9dia durante a madrugada foi de 16\u00b0C. Al\u00e9m da regi\u00e3o metropolitana, houve registros de queda de granizo nas cidades de Taubat\u00e9, S\u00e3o Jos\u00e9 dos Campos e Campinas, todas no interior paulista.<\/p>\n<p>Fen\u00f4meno incomum para o inverno<\/p>\n<p>De acordo com o meteorologista Alexandre Nascimento, a queda de granizo nessa \u00e9poca do ano pode ser considerada um evento raro, mas n\u00e3o anormal. &#8220;O m\u00eas de julho desse ano \u00e9 o mais chuvoso desde 1943. O granizo est\u00e1 associado a nuvens muito carregadas, o que geralmente acontece durante o ver\u00e3o&#8221;, explica.<\/p>\n<p>No entanto, o meteorologista lembra que esse tipo de fen\u00f4meno aconteceu na \u00faltima semana entre a regi\u00e3o sul do Estado de S\u00e3o Paulo e o norte paranaense. Segundo Nascimento, isso acontece porque Mato Grosso do Sul, S\u00e3o Paulo e Paran\u00e1 est\u00e3o com uma frente fria bloqueada.<\/p>\n<p>Segundo Nascimento, amanh\u00e3 e sexta-feira a previs\u00e3o \u00e9 de c\u00e9u nublado com chuva na capital e litoral paulista. Quanto \u00e0 queda de granizo, o meteorologista acredita que isso n\u00e3o volte a ocorrer com facilidade.<\/p>\n<p>Sobre o Grupo Climatempo<\/p>\n<p>O Grupo Climatempo \u00e9 a maior empresa privada de meteorologia do pa\u00eds. Uma holding formada pela Climatempo Consultoria, Ag\u00eancia Climatempo, a TV Climatempo e a CLIMANET (Internet, servi\u00e7os de tecnologia e inform\u00e1tica). Atualmente, o Grupo Climatempo fornece conte\u00fado para os principais portais do pa\u00eds, mais de 50 retransmissoras de televis\u00e3o do Brasil, r\u00e1dios e tem cerca de mil clientes. Os dois principais segmentos atendidos s\u00e3o o de agroneg\u00f3cios e meios de comunica\u00e7\u00e3o. Al\u00e9m destes, fornece conte\u00fado meteorol\u00f3gico estrat\u00e9gico para produtoras, a ind\u00fastria eletroeletr\u00f4nica e t\u00eaxtil, com\u00e9rcio, moda e turismo, constru\u00e7\u00e3o civil, setor de energia, entre outros setores.<\/p>\n","protected":false},"excerpt":{"rendered":"<p>Previs\u00e3o da Climatempo indica mais chuva para os pr\u00f3ximos dias. Uma linha de instabilidade avan\u00e7ou sobre a Grande S\u00e3o Paulo e provocou chuva e queda de granizo na madrugada desta quarta-feira. De acordo com os meteorologistas da Climatempo, a chuva atingiu, principalmente, as cidades da regi\u00e3o oeste da regi\u00e3o metropolitana, como em Osasco, e tamb\u00e9m [&hellip;]<\/p>\n","protected":false},"author":3,"featured_media":0,"comment_status":"open","ping_status":"open","sticky":false,"template":"","format":"standard","meta":{"tdm_status":"","tdm_grid_status":"","footnotes":""},"categories":[22,327],"tags":[],"class_list":{"0":"post-6789","1":"post","2":"type-post","3":"status-publish","4":"format-standard","6":"category-brasil","7":"category-clima"},"_links":{"self":[{"href":"https:\/\/migracao.redenoticia.com.br\/noticia\/wp-json\/wp\/v2\/posts\/6789","targetHints":{"allow":["GET"]}}],"collection":[{"href":"https:\/\/migracao.redenoticia.com.br\/noticia\/wp-json\/wp\/v2\/posts"}],"about":[{"href":"https:\/\/migracao.redenoticia.com.br\/noticia\/wp-json\/wp\/v2\/types\/post"}],"author":[{"embeddable":true,"href":"https:\/\/migracao.redenoticia.com.br\/noticia\/wp-json\/wp\/v2\/users\/3"}],"replies":[{"embeddable":true,"href":"https:\/\/migracao.redenoticia.com.br\/noticia\/wp-json\/wp\/v2\/comments?post=6789"}],"version-history":[{"count":0,"href":"https:\/\/migracao.redenoticia.com.br\/noticia\/wp-json\/wp\/v2\/posts\/6789\/revisions"}],"wp:attachment":[{"href":"https:\/\/migracao.redenoticia.com.br\/noticia\/wp-json\/wp\/v2\/media?parent=6789"}],"wp:term":[{"taxonomy":"category","embeddable":true,"href":"https:\/\/migracao.redenoticia.com.br\/noticia\/wp-json\/wp\/v2\/categories?post=6789"},{"taxonomy":"post_tag","embeddable":true,"href":"https:\/\/migracao.redenoticia.com.br\/noticia\/wp-json\/wp\/v2\/tags?post=6789"}],"curies":[{"name":"wp","href":"https:\/\/api.w.org\/{rel}","templated":true}]}}