{"id":6791,"date":"2009-07-29T10:09:55","date_gmt":"2009-07-29T14:09:55","guid":{"rendered":"http:\/\/www.redenoticia.com.br\/noticia\/?p=6791"},"modified":"2009-07-29T10:09:55","modified_gmt":"2009-07-29T14:09:55","slug":"governo-de-sao-paulo-anuncia-amanha-40-mil-vagas-do-peq-com-bolsa-auxilio","status":"publish","type":"post","link":"https:\/\/migracao.redenoticia.com.br\/noticia\/2009\/governo-de-sao-paulo-anuncia-amanha-40-mil-vagas-do-peq-com-bolsa-auxilio\/6791","title":{"rendered":"Governo de S\u00e3o Paulo anuncia amanh\u00e3 40 mil vagas do PEQ com bolsa-aux\u00edlio"},"content":{"rendered":"<p>O secret\u00e1rio estadual do Emprego, Guilherme Afif Domingos, vai apresentar pesquisa de avalia\u00e7\u00e3o feita com os egressos do PEQ em 2008 e anunciar\u00e1 as vagas ofertadas em cada regi\u00e3o do Estado neste segundo semestre. O Governo de S\u00e3o Paulo, por meio da Secretaria Estadual do Emprego e Rela\u00e7\u00f5es do Trabalho (SERT), anuncia amanh\u00e3, a partir das 10 horas, como as 40 mil vagas do Programa Estadual de Qualifica\u00e7\u00e3o Profissional (PEQ) &#8211; com bolsa-aux\u00edlio de R$ 210 mensais &#8211; ser\u00e3o distribu\u00eddas em todo o Estado a partir de agosto.\u00a0<br \/>\nA divulga\u00e7\u00e3o ser\u00e1 feita durante o 2\u00ba Semin\u00e1rio de Qualifica\u00e7\u00e3o Profissional, na sede da SERT. Na ocasi\u00e3o tamb\u00e9m ser\u00e3o apresentados os resultados de uma pesquisa &#8211; realizada junto aos egressos do PEQ em 2008 &#8211; que apresenta o perfil dos alunos, aponta quantos conseguiram trabalho e questiona se o programa atendeu os objetivos.<\/p>\n<p>Hist\u00f3rico &#8211; O PEQ, lan\u00e7ado em 23 de junho de 2008 pelo governador Jos\u00e9 Serra, \u00e9 destinado prioritariamente a pessoas desempregadas, com idades entre 30 e 59 anos de idade. O Programa tem o objetivo de qualificar ou requalificar o cidad\u00e3o desempregado para aumentar suas chances de reinser\u00e7\u00e3o no mercado de trabalho. As aulas, com dura\u00e7\u00e3o m\u00e1xima de tr\u00eas meses, s\u00e3o ministradas nas escolas do Centro Paula Souza, Senai e Senac.<\/p>\n","protected":false},"excerpt":{"rendered":"<p>O secret\u00e1rio estadual do Emprego, Guilherme Afif Domingos, vai apresentar pesquisa de avalia\u00e7\u00e3o feita com os egressos do PEQ em 2008 e anunciar\u00e1 as vagas ofertadas em cada regi\u00e3o do Estado neste segundo semestre. O Governo de S\u00e3o Paulo, por meio da Secretaria Estadual do Emprego e Rela\u00e7\u00f5es do Trabalho (SERT), anuncia amanh\u00e3, a partir [&hellip;]<\/p>\n","protected":false},"author":3,"featured_media":0,"comment_status":"open","ping_status":"open","sticky":false,"template":"","format":"standard","meta":{"tdm_status":"","tdm_grid_status":"","footnotes":""},"categories":[22,7],"tags":[],"class_list":{"0":"post-6791","1":"post","2":"type-post","3":"status-publish","4":"format-standard","6":"category-brasil","7":"category-economia"},"_links":{"self":[{"href":"https:\/\/migracao.redenoticia.com.br\/noticia\/wp-json\/wp\/v2\/posts\/6791","targetHints":{"allow":["GET"]}}],"collection":[{"href":"https:\/\/migracao.redenoticia.com.br\/noticia\/wp-json\/wp\/v2\/posts"}],"about":[{"href":"https:\/\/migracao.redenoticia.com.br\/noticia\/wp-json\/wp\/v2\/types\/post"}],"author":[{"embeddable":true,"href":"https:\/\/migracao.redenoticia.com.br\/noticia\/wp-json\/wp\/v2\/users\/3"}],"replies":[{"embeddable":true,"href":"https:\/\/migracao.redenoticia.com.br\/noticia\/wp-json\/wp\/v2\/comments?post=6791"}],"version-history":[{"count":0,"href":"https:\/\/migracao.redenoticia.com.br\/noticia\/wp-json\/wp\/v2\/posts\/6791\/revisions"}],"wp:attachment":[{"href":"https:\/\/migracao.redenoticia.com.br\/noticia\/wp-json\/wp\/v2\/media?parent=6791"}],"wp:term":[{"taxonomy":"category","embeddable":true,"href":"https:\/\/migracao.redenoticia.com.br\/noticia\/wp-json\/wp\/v2\/categories?post=6791"},{"taxonomy":"post_tag","embeddable":true,"href":"https:\/\/migracao.redenoticia.com.br\/noticia\/wp-json\/wp\/v2\/tags?post=6791"}],"curies":[{"name":"wp","href":"https:\/\/api.w.org\/{rel}","templated":true}]}}