{"id":6793,"date":"2009-07-29T10:20:48","date_gmt":"2009-07-29T14:20:48","guid":{"rendered":"http:\/\/www.redenoticia.com.br\/noticia\/?p=6793"},"modified":"2009-07-29T15:58:48","modified_gmt":"2009-07-29T19:58:48","slug":"alerta-para-confirmacao-de-inscricoes-do-%e2%80%9cminha-casa-minha-vida%e2%80%9d-em-ji-parana","status":"publish","type":"post","link":"https:\/\/migracao.redenoticia.com.br\/noticia\/2009\/alerta-para-confirmacao-de-inscricoes-do-%e2%80%9cminha-casa-minha-vida%e2%80%9d-em-ji-parana\/6793","title":{"rendered":"Alerta para confirma\u00e7\u00e3o de inscri\u00e7\u00f5es do \u201cMinha Casa, Minha Vida\u201d em Ji-Paran\u00e1"},"content":{"rendered":"<p><span style=\"font-family: Arial;\">A Secret\u00e1ria Municipal de A\u00e7\u00e3o Social (SEMAS) alerta as pessoas que realizaram suas inscri\u00e7\u00f5es na Caixa Econ\u00f4mica Federal para o programa do Governo Federal, \u201cMinha Casa, Minha Vida\u201d, faixa salarial de zero a tr\u00eas sal\u00e1rios m\u00ednimos, para que oficializem a inscri\u00e7\u00e3o no site da Prefeitura de Ji-Paran\u00e1, <a href=\"http:\/\/www.ji-parana.ro.gov.br\/\" target=\"_blank\">www.ji-parana.ro.gov.br<\/a>, ou em um dos pontos de apoio disponibilizados pela prefeitura municipal.<\/span><\/p>\n<p><span style=\"font-size: 11.0pt; font-family: Arial;\">S\u00e3o cinco pontos de apoio para auxiliar os interessados que n\u00e3o possuem acesso \u00e0\u00a0 internet: sede da Secretaria Municipal de A\u00e7\u00e3o Social (Semas), durante todo o hor\u00e1rio comercial; no pr\u00e9dio do anexo I da prefeitura, pr\u00f3ximo ao trevo da Vila Jot\u00e3o, das 14 \u00e0s 18 horas; na sede do projeto Sonho Meu, tamb\u00e9m em per\u00edodo comercial, que fica localizada \u00e0 rua Miguel Lu\u00eds dos Santos, 1735, no Jardim das Seringueiras; no Shopping Cidad\u00e3o, no per\u00edodo comercial, e no projeto Roda Moinho, das 14 \u00e0s 18 horas, localizado \u00e0 Rua Cambe, esquina com T-20, no bairro JK.<\/span><\/p>\n<p><span style=\"font-size: 11.0pt; font-family: Arial;\">\u00a0\u201cMesmo tendo realizado a inscri\u00e7\u00e3o na Caixa Econ\u00f4mica Federal o cidad\u00e3o dever\u00e1 se cadastrar tamb\u00e9m no site da prefeitura municipal, essa ser\u00e1 a garantia de estar concorrendo a uma das casas que ser\u00e3o sorteadas\u201d, afirmou a Secret\u00e1ria de A\u00e7\u00e3o Social, S\u00f4nia Reigota. <\/span><\/p>\n<p><span style=\"font-size: 11.0pt; font-family: Arial;\">Outro ponto que os cidad\u00e3os dever\u00e3o estar bem atentos \u00e9\u00a0que o prazo para inscri\u00e7\u00f5es ser\u00e1 encerrado no pr\u00f3ximo dia 10 de agosto. \u00c9 importante ressaltar a necessidade de imprimir e guardar o protocolo de inscri\u00e7\u00e3o gerado no site, \u00e9 com este n\u00famero que os inscritos estar\u00e3o concorrendo a uma das mil casas destinadas ao munic\u00edpio. Ap\u00f3s o sorteio, o cidad\u00e3o dever\u00e1 apresentar a documenta\u00e7\u00e3o na Caixa Econ\u00f4mica Federal para formaliza\u00e7\u00e3o do cadastro. N\u00e3o cumprindo as exig\u00eancias necess\u00e1rias, a vaga ser\u00e1 disponibilizada para novo sorteio. Para realizar a inscri\u00e7\u00e3o o cidad\u00e3o deve ter em m\u00e3os o RG, CPF e CEP de onde reside<\/span><span style=\"font-family: Calibri;\">.<\/span><\/p>\n","protected":false},"excerpt":{"rendered":"<p>A Secret\u00e1ria Municipal de A\u00e7\u00e3o Social (SEMAS) alerta as pessoas que realizaram suas inscri\u00e7\u00f5es na Caixa Econ\u00f4mica Federal para o programa do Governo Federal, \u201cMinha Casa, Minha Vida\u201d, faixa salarial de zero a tr\u00eas sal\u00e1rios m\u00ednimos, para que oficializem a inscri\u00e7\u00e3o no site da Prefeitura de Ji-Paran\u00e1, www.ji-parana.ro.gov.br, ou em um dos pontos de apoio [&hellip;]<\/p>\n","protected":false},"author":3,"featured_media":0,"comment_status":"open","ping_status":"open","sticky":false,"template":"","format":"standard","meta":{"tdm_status":"","tdm_grid_status":"","footnotes":""},"categories":[22],"tags":[],"class_list":{"0":"post-6793","1":"post","2":"type-post","3":"status-publish","4":"format-standard","6":"category-brasil"},"_links":{"self":[{"href":"https:\/\/migracao.redenoticia.com.br\/noticia\/wp-json\/wp\/v2\/posts\/6793","targetHints":{"allow":["GET"]}}],"collection":[{"href":"https:\/\/migracao.redenoticia.com.br\/noticia\/wp-json\/wp\/v2\/posts"}],"about":[{"href":"https:\/\/migracao.redenoticia.com.br\/noticia\/wp-json\/wp\/v2\/types\/post"}],"author":[{"embeddable":true,"href":"https:\/\/migracao.redenoticia.com.br\/noticia\/wp-json\/wp\/v2\/users\/3"}],"replies":[{"embeddable":true,"href":"https:\/\/migracao.redenoticia.com.br\/noticia\/wp-json\/wp\/v2\/comments?post=6793"}],"version-history":[{"count":0,"href":"https:\/\/migracao.redenoticia.com.br\/noticia\/wp-json\/wp\/v2\/posts\/6793\/revisions"}],"wp:attachment":[{"href":"https:\/\/migracao.redenoticia.com.br\/noticia\/wp-json\/wp\/v2\/media?parent=6793"}],"wp:term":[{"taxonomy":"category","embeddable":true,"href":"https:\/\/migracao.redenoticia.com.br\/noticia\/wp-json\/wp\/v2\/categories?post=6793"},{"taxonomy":"post_tag","embeddable":true,"href":"https:\/\/migracao.redenoticia.com.br\/noticia\/wp-json\/wp\/v2\/tags?post=6793"}],"curies":[{"name":"wp","href":"https:\/\/api.w.org\/{rel}","templated":true}]}}