{"id":6795,"date":"2009-07-29T10:24:17","date_gmt":"2009-07-29T14:24:17","guid":{"rendered":"http:\/\/www.redenoticia.com.br\/noticia\/?p=6795"},"modified":"2009-07-29T15:58:37","modified_gmt":"2009-07-29T19:58:37","slug":"conferencia-em-porto-velho-rondonia-discute-direitos-dos-usuarios-de-programas-sociais","status":"publish","type":"post","link":"https:\/\/migracao.redenoticia.com.br\/noticia\/2009\/conferencia-em-porto-velho-rondonia-discute-direitos-dos-usuarios-de-programas-sociais\/6795","title":{"rendered":"Confer\u00eancia em Porto Velho (Rond\u00f4nia) discute direitos dos usu\u00e1rios de programas sociais"},"content":{"rendered":"<h1><span style=\"font-family: Arial;\"><br \/>\n<\/span><\/h1>\n<p style=\"margin-bottom: 12.0pt;\"><span style=\"font-size: 11.0pt; font-family: Arial;\">Monitoramento de programas sociais, como o de Erradica\u00e7\u00e3o do Trabalho Infantil (PETI) e o ProJovem Adolescente, e a intensifica\u00e7\u00e3o da participa\u00e7\u00e3o dos usu\u00e1rios na garantia de seus direitos s\u00e3o assuntos que fazem parte da VII Confer\u00eancia Municipal de Assist\u00eancia Social de Porto Velho (Rond\u00f4nia), que come\u00e7a nesta quarta-feira (29\/7).<\/p>\n<p>A assessora da Secretaria Nacional de Assist\u00eancia Social, Ros\u00e1rio Ferreira, do Minist\u00e9rio do Desenvolvimento Social e Combate \u00e0 Fome (MDS), e o integrante do Conselho Nacional de Assist\u00eancia Social (CNAS), Edivaldo da Silva Ramos, estar\u00e3o na abertura do evento, \u00e0s 8h30.<\/p>\n<p>O evento, que encerra na sexta-feira (31), \u00e9 uma pr\u00e9via da VII Confer\u00eancia Nacional de Assist\u00eancia Social que acontece em Bras\u00edlia (DF), de 30 de novembro a 03 de dezembro deste ano, com o tema \u201cParticipa\u00e7\u00e3o e Controle Social no Sistema \u00danico de Assist\u00eancia Social\u201d. A reuni\u00e3o nacional \u00e9 uma iniciativa do Conselho Nacional de Assist\u00eancia<br \/>\nSocial (CNAS) e do Minist\u00e9rio do Desenvolvimento Social e Combate \u00e0 Fome (MDS).<\/p>\n<p><strong>Recursos sociais &#8211;<\/strong> O Estado de Rond\u00f4nia recebe do Minist\u00e9rio do Desenvolvimento Social e Combate \u00e0 Fome, por ano, R$ 316,6 milh\u00f5es para execu\u00e7\u00e3o de programas sociais. As a\u00e7\u00f5es nas \u00e1reas de transfer\u00eancia de renda, assist\u00eancia social e seguran\u00e7a alimentar beneficiam 631 mil pessoas. O Bolsa Fam\u00edlia transfere, por m\u00eas, R$ 9,7 milh\u00f5es para 108,5 mil fam\u00edlias do Estado.<\/p>\n<p><em>Ana Soares \/ Kamila Rodrigues\u00a0<\/em><\/span><\/p>\n","protected":false},"excerpt":{"rendered":"<p>Monitoramento de programas sociais, como o de Erradica\u00e7\u00e3o do Trabalho Infantil (PETI) e o ProJovem Adolescente, e a intensifica\u00e7\u00e3o da participa\u00e7\u00e3o dos usu\u00e1rios na garantia de seus direitos s\u00e3o assuntos que fazem parte da VII Confer\u00eancia Municipal de Assist\u00eancia Social de Porto Velho (Rond\u00f4nia), que come\u00e7a nesta quarta-feira (29\/7). A assessora da Secretaria Nacional de [&hellip;]<\/p>\n","protected":false},"author":3,"featured_media":0,"comment_status":"open","ping_status":"open","sticky":false,"template":"","format":"standard","meta":{"tdm_status":"","tdm_grid_status":"","footnotes":""},"categories":[22],"tags":[],"class_list":{"0":"post-6795","1":"post","2":"type-post","3":"status-publish","4":"format-standard","6":"category-brasil"},"_links":{"self":[{"href":"https:\/\/migracao.redenoticia.com.br\/noticia\/wp-json\/wp\/v2\/posts\/6795","targetHints":{"allow":["GET"]}}],"collection":[{"href":"https:\/\/migracao.redenoticia.com.br\/noticia\/wp-json\/wp\/v2\/posts"}],"about":[{"href":"https:\/\/migracao.redenoticia.com.br\/noticia\/wp-json\/wp\/v2\/types\/post"}],"author":[{"embeddable":true,"href":"https:\/\/migracao.redenoticia.com.br\/noticia\/wp-json\/wp\/v2\/users\/3"}],"replies":[{"embeddable":true,"href":"https:\/\/migracao.redenoticia.com.br\/noticia\/wp-json\/wp\/v2\/comments?post=6795"}],"version-history":[{"count":0,"href":"https:\/\/migracao.redenoticia.com.br\/noticia\/wp-json\/wp\/v2\/posts\/6795\/revisions"}],"wp:attachment":[{"href":"https:\/\/migracao.redenoticia.com.br\/noticia\/wp-json\/wp\/v2\/media?parent=6795"}],"wp:term":[{"taxonomy":"category","embeddable":true,"href":"https:\/\/migracao.redenoticia.com.br\/noticia\/wp-json\/wp\/v2\/categories?post=6795"},{"taxonomy":"post_tag","embeddable":true,"href":"https:\/\/migracao.redenoticia.com.br\/noticia\/wp-json\/wp\/v2\/tags?post=6795"}],"curies":[{"name":"wp","href":"https:\/\/api.w.org\/{rel}","templated":true}]}}