{"id":6818,"date":"2009-07-29T12:04:43","date_gmt":"2009-07-29T16:04:43","guid":{"rendered":"http:\/\/www.redenoticia.com.br\/noticia\/?p=6818"},"modified":"2009-07-29T12:04:43","modified_gmt":"2009-07-29T16:04:43","slug":"previsao-do-tempo-2907","status":"publish","type":"post","link":"https:\/\/migracao.redenoticia.com.br\/noticia\/2009\/previsao-do-tempo-2907\/6818","title":{"rendered":"Previs\u00e3o do tempo 29\/07"},"content":{"rendered":"<p><a href=\"https:\/\/migracao.redenoticia.com.br\/noticia\/imagens\/\/satelite.jpg\"><img loading=\"lazy\" decoding=\"async\" class=\"alignleft size-full wp-image-6819\" title=\"satelite\" src=\"https:\/\/migracao.redenoticia.com.br\/noticia\/imagens\/\/satelite.jpg\" alt=\"satelite\" width=\"150\" height=\"113\" \/><\/a>Previs\u00e3o de tempo CPTEC\/INPE &#8211; Nesta quarta-feira (29\/07), haver\u00e1 muitas nuvens e pancadas de chuva entre o norte e leste do PR, centro-sul e sudoeste de SP, sul de MG e do RJ, sendo que nas \u00e1reas de SP e no sul do RJ h\u00e1 condi\u00e7\u00f5es para mais pancadas fortes de chuva. Muitas nuvens s\u00e3o esperadas para SC, principalmente no centro-leste do Estado. C\u00e9u nublado e com chuvas isoladas \u00e9 esperado para grande parte de MS. Pancadas de chuva ocorrer\u00e3o em Rond\u00f4nia, assim como em RR, com possibilidade de pancadas de chuva entre AC e o sudoeste do AM. Pancadas de chuva ocorrer\u00e3o a tarde entre o extremo norte do PA e no AP. Haver\u00e1 possibilidade de pancadas de chuva sobre o nordeste do PA e extremo norte do MA.<\/p>\n<p>Tempo inst\u00e1vel entre o litoral de PE e SE. A umidade relativa do ar ser\u00e1 baixa entre o sul do PA, centro-leste e nordeste de MT, grande parte de GO, DF, TO oeste de MT e da BA e no centro-sul do MA e do PI.<\/p>\n<p>Obs: Texto referente ao dia 29\/07\/2009-11h30<\/p>\n<p>An\u00e1lise da Imagem de Sat\u00e9lite<br \/>\nNa imagem de sat\u00e9lite de hoje (29\/07) das 06:00h (hor\u00e1rio de Bras\u00edlia), ainda observa-se uma faixa de nuvens entre SP e o Atl\u00e2ntico associada a um cavado, ou seja, \u00e1rea de baixa press\u00e3o. H\u00e1 nuvens de trovoadas em \u00e1reas de centro-leste do Estado paulista. Sobre SC e norte e nordeste do RS h\u00e1 nuvens baixas devido a alta umidade do ar. A Zona de Converg\u00eancia Intertropical (ZCIT) est\u00e1 bem ao norte, causando poucas nuvens no continente. No Atl\u00e2ntico, adjacente ao extremo sul do continente, h\u00e1 nuvens cumulus tipo c\u00e9lulas abertas, consequ\u00eancia da propaga\u00e7\u00e3o de ar frio sobre esta \u00e1rea relativamente mais quente.<\/p>\n<p>Atualizado29\/07\/2009 &#8211; 10:35<\/p>\n<p>\u00a0<\/p>\n<p><a href=\"http:\/\/tempo1.cptec.inpe.br\/\" target=\"_blank\">Previs\u00e3o de tempo CPTEC\/INPE<\/a><\/p>\n","protected":false},"excerpt":{"rendered":"<p>Previs\u00e3o de tempo CPTEC\/INPE &#8211; Nesta quarta-feira (29\/07), haver\u00e1 muitas nuvens e pancadas de chuva entre o norte e leste do PR, centro-sul e sudoeste de SP, sul de MG e do RJ, sendo que nas \u00e1reas de SP e no sul do RJ h\u00e1 condi\u00e7\u00f5es para mais pancadas fortes de chuva. Muitas nuvens s\u00e3o [&hellip;]<\/p>\n","protected":false},"author":3,"featured_media":0,"comment_status":"open","ping_status":"open","sticky":false,"template":"","format":"standard","meta":{"tdm_status":"","tdm_grid_status":"","footnotes":""},"categories":[22,327],"tags":[],"class_list":{"0":"post-6818","1":"post","2":"type-post","3":"status-publish","4":"format-standard","6":"category-brasil","7":"category-clima"},"_links":{"self":[{"href":"https:\/\/migracao.redenoticia.com.br\/noticia\/wp-json\/wp\/v2\/posts\/6818","targetHints":{"allow":["GET"]}}],"collection":[{"href":"https:\/\/migracao.redenoticia.com.br\/noticia\/wp-json\/wp\/v2\/posts"}],"about":[{"href":"https:\/\/migracao.redenoticia.com.br\/noticia\/wp-json\/wp\/v2\/types\/post"}],"author":[{"embeddable":true,"href":"https:\/\/migracao.redenoticia.com.br\/noticia\/wp-json\/wp\/v2\/users\/3"}],"replies":[{"embeddable":true,"href":"https:\/\/migracao.redenoticia.com.br\/noticia\/wp-json\/wp\/v2\/comments?post=6818"}],"version-history":[{"count":0,"href":"https:\/\/migracao.redenoticia.com.br\/noticia\/wp-json\/wp\/v2\/posts\/6818\/revisions"}],"wp:attachment":[{"href":"https:\/\/migracao.redenoticia.com.br\/noticia\/wp-json\/wp\/v2\/media?parent=6818"}],"wp:term":[{"taxonomy":"category","embeddable":true,"href":"https:\/\/migracao.redenoticia.com.br\/noticia\/wp-json\/wp\/v2\/categories?post=6818"},{"taxonomy":"post_tag","embeddable":true,"href":"https:\/\/migracao.redenoticia.com.br\/noticia\/wp-json\/wp\/v2\/tags?post=6818"}],"curies":[{"name":"wp","href":"https:\/\/api.w.org\/{rel}","templated":true}]}}