{"id":6822,"date":"2009-07-29T13:22:47","date_gmt":"2009-07-29T17:22:47","guid":{"rendered":"http:\/\/www.redenoticia.com.br\/noticia\/?p=6822"},"modified":"2009-07-29T13:22:47","modified_gmt":"2009-07-29T17:22:47","slug":"previsao-de-tempo-regioes-2907","status":"publish","type":"post","link":"https:\/\/migracao.redenoticia.com.br\/noticia\/2009\/previsao-de-tempo-regioes-2907\/6822","title":{"rendered":"Previs\u00e3o de tempo Regi\u00f5es 29\/07"},"content":{"rendered":"<p><a href=\"https:\/\/migracao.redenoticia.com.br\/noticia\/imagens\/\/regi\u00f5es1.jpg\"><img loading=\"lazy\" decoding=\"async\" class=\"alignleft size-full wp-image-6823\" title=\"regi\u00f5es1\" src=\"https:\/\/migracao.redenoticia.com.br\/noticia\/imagens\/\/regi\u00f5es1.jpg\" alt=\"regi\u00f5es1\" width=\"150\" height=\"113\" \/><\/a>Regi\u00e3o Centro-Oeste 29\/07\/2009<strong>:<\/strong> Na faixa central de MS: nublado com chuva isolada a qualquer hora do dia. No extremo sudoeste de MT: sol com nebulosidade vari\u00e1vel e uma pequena possibilidade de pancadas de chuva. Nas demais \u00e1reas da Regi\u00e3o: sol entre poucas nuvens. As temperaturas estar\u00e3o amenas no sul de MS. A umidade relativa do ar ficar\u00e1 baixa em GO, no norte e no centro-leste de MT. Temperatura m\u00e1xima: 37C no norte de MT.\u00a0<\/p>\n<p>Regi\u00e3o Nordeste 29\/07\/2009: No litoral norte da BA, no litoral de SE, de AL e de PE: inst\u00e1vel com muitas nuvens e chuva a qualquer hora do dia. No norte do MA: sol com varia\u00e7\u00e3o de nuvens e pancadas de chuva \u00e0 tarde. Na faixa leste da Regi\u00e3o: sol com varia\u00e7\u00e3o de nuvens. Nas demais \u00e1reas da Regi\u00e3o: sol entre poucas nuvens. A umidade relativa do ar ficar\u00e1 baixa no oeste da BA, no centro-sul do PI e do MA. As temperaturas seguir\u00e3o est\u00e1veis. Temperatura m\u00e1xima: 35C no norte do PI.<\/p>\n<p>Regi\u00e3o Norte 29\/07\/2009: No extremo norte do AM, em RR e em RO: sol com varia\u00e7\u00e3o de nuvens e pancada isoladas de chuva. No extremo noroeste do PA e no AP: sol com varia\u00e7\u00e3o de nuvens e pancadas de chuva \u00e0 tarde. No nordeste do PA, no AC e no sudoeste do AM: sol com nebulosidade vari\u00e1vel e uma pequena possibilidade de pancadas de chuva. Nas demais \u00e1reas da Regi\u00e3o: sol entre poucas nuvens. A umidade relativa do ar ficar\u00e1 baixa no TO e no centro-sul do PA. As temperaturas estar\u00e3o est\u00e1veis. Temperatura m\u00e1xima: 37C no sudeste do AM.<\/p>\n<p>Regi\u00e3o Sudeste 29\/07\/2009: No centro-sul e leste de SP: nublado com pancadas de chuva localmente forte a qualquer hora. No Vale Hist\u00f3rico e no extremo sul de MG: sol com varia\u00e7\u00e3o de nuvens e pancadas de chuva \u00e0 tarde. No oeste de SP: nublado com chuva isolada a qualquer hora. No centro-sul do RJ: sol com nebulosidade vari\u00e1vel e uma pequena possibilidade de pancadas de chuva. No nordeste de MG: sol com varia\u00e7\u00e3o de nuvens. Nas demais \u00e1reas da Regi\u00e3o: sol entre poucas nuvens. No oeste de MG a umidade relativa do ar estar\u00e1 em torno dos 30%. As temperaturas m\u00e1ximas estar\u00e3o amenas no sul e sudeste de SP. Temperatura m\u00e1xima 34C no Tri\u00e2ngulo Mineiro.<\/p>\n<p>Regi\u00e3o Sul 29\/07\/2009: No RS: predom\u00ednio de sol. No oeste de SC e no sudoeste do PR: sol entre poucas nuvens. No leste de SC e no sul do PR: sol entre muitas nuvens. Nas demais \u00e1reas da Regi\u00e3o: nublado com pancadas de chuva localmente forte a qualquer hora do dia. As temperaturas estar\u00e3o baixas. Temperatura m\u00e1xima: 20C no centro do PR.<\/p>\n<p>\u00a0<\/p>\n<p><a href=\"http:\/\/tempo1.cptec.inpe.br\/\" target=\"_blank\">Previs\u00e3o de tempo CPTEC\/INPE\u00a0<\/a>Atualizado 29\/07\/2009 &#8211; 11h39<\/p>\n","protected":false},"excerpt":{"rendered":"<p>Regi\u00e3o Centro-Oeste 29\/07\/2009: Na faixa central de MS: nublado com chuva isolada a qualquer hora do dia. No extremo sudoeste de MT: sol com nebulosidade vari\u00e1vel e uma pequena possibilidade de pancadas de chuva. Nas demais \u00e1reas da Regi\u00e3o: sol entre poucas nuvens. As temperaturas estar\u00e3o amenas no sul de MS. A umidade relativa do [&hellip;]<\/p>\n","protected":false},"author":3,"featured_media":0,"comment_status":"open","ping_status":"open","sticky":false,"template":"","format":"standard","meta":{"tdm_status":"","tdm_grid_status":"","footnotes":""},"categories":[22,327],"tags":[],"class_list":{"0":"post-6822","1":"post","2":"type-post","3":"status-publish","4":"format-standard","6":"category-brasil","7":"category-clima"},"_links":{"self":[{"href":"https:\/\/migracao.redenoticia.com.br\/noticia\/wp-json\/wp\/v2\/posts\/6822","targetHints":{"allow":["GET"]}}],"collection":[{"href":"https:\/\/migracao.redenoticia.com.br\/noticia\/wp-json\/wp\/v2\/posts"}],"about":[{"href":"https:\/\/migracao.redenoticia.com.br\/noticia\/wp-json\/wp\/v2\/types\/post"}],"author":[{"embeddable":true,"href":"https:\/\/migracao.redenoticia.com.br\/noticia\/wp-json\/wp\/v2\/users\/3"}],"replies":[{"embeddable":true,"href":"https:\/\/migracao.redenoticia.com.br\/noticia\/wp-json\/wp\/v2\/comments?post=6822"}],"version-history":[{"count":0,"href":"https:\/\/migracao.redenoticia.com.br\/noticia\/wp-json\/wp\/v2\/posts\/6822\/revisions"}],"wp:attachment":[{"href":"https:\/\/migracao.redenoticia.com.br\/noticia\/wp-json\/wp\/v2\/media?parent=6822"}],"wp:term":[{"taxonomy":"category","embeddable":true,"href":"https:\/\/migracao.redenoticia.com.br\/noticia\/wp-json\/wp\/v2\/categories?post=6822"},{"taxonomy":"post_tag","embeddable":true,"href":"https:\/\/migracao.redenoticia.com.br\/noticia\/wp-json\/wp\/v2\/tags?post=6822"}],"curies":[{"name":"wp","href":"https:\/\/api.w.org\/{rel}","templated":true}]}}