{"id":6825,"date":"2009-07-29T13:26:11","date_gmt":"2009-07-29T17:26:11","guid":{"rendered":"http:\/\/www.redenoticia.com.br\/noticia\/?p=6825"},"modified":"2009-07-29T13:52:30","modified_gmt":"2009-07-29T17:52:30","slug":"previsao-de-tempo-regioes-3007","status":"publish","type":"post","link":"https:\/\/migracao.redenoticia.com.br\/noticia\/2009\/previsao-de-tempo-regioes-3007\/6825","title":{"rendered":"Previs\u00e3o de tempo Regi\u00f5es 30\/07"},"content":{"rendered":"<p><a href=\"https:\/\/migracao.redenoticia.com.br\/noticia\/imagens\/\/regi\u00f5es2.jpg\"><img loading=\"lazy\" decoding=\"async\" class=\"alignleft size-full wp-image-6826\" title=\"regi\u00f5es2\" src=\"https:\/\/migracao.redenoticia.com.br\/noticia\/imagens\/\/regi\u00f5es2.jpg\" alt=\"regi\u00f5es2\" width=\"150\" height=\"113\" \/><\/a>Regi\u00e3o Centro-Oeste 30\/07\/2009<strong>:<\/strong> No centro-sul de MS: nublado com chuva isolada a qualquer hora do dia. Nas demais \u00e1reas da Regi\u00e3o: sol entre poucas nuvens. A umidade relativa do ar continuar\u00e1 baixa no centro-norte de GO e no norte e leste de MT. As temperaturas estar\u00e3o est\u00e1veis. Temperatura m\u00e1xima: 37C no noroeste de MT. Temperatura m\u00ednima: 10C no sul de MS.<\/p>\n<p>Regi\u00e3o Nordeste 30\/07\/2009: No litoral norte da BA, no litoral de SE, de AL, de PE, da PB e no litoral sul do RS: inst\u00e1vel com muitas nuvens e chuva isolada a qualquer hora do dia. Na faixa leste da Regi\u00e3o: sol com varia\u00e7\u00e3o de nuvens. No norte do MA: sol com nebulosidade vari\u00e1vel e uma pequena possibilidade de pancadas de chuva. Nas demais \u00e1reas da Regi\u00e3o: sol entre poucas nuvens. A umidade relativa do ar estar\u00e1 baixa no oeste da BA, sul do PI e do MA. As temperaturas seguir\u00e3o est\u00e1veis. Temperatura m\u00e1xima: 34C no oeste do RN. Temperatura m\u00ednima: 11C no sul da BA.<\/p>\n<p>Regi\u00e3o Norte 30\/07\/2009: No norte do AM, em RR, no norte do PA e no AP: nublado com pancadas de chuva a qualquer hora do dia. No sudoeste e na faixa central do AM e no oeste do AC: sol com nebulosidade vari\u00e1vel e uma pequena possibilidade de pancadas de chuva. Nas demais \u00e1reas da Regi\u00e3o: sol entre poucas nuvens. A umidade relativa do ar estar\u00e1 baixa no sul do PA e em TO. As temperaturas seguir\u00e3o est\u00e1veis. Temperatura m\u00e1xima: 37C no nordeste de RO. Temperatura m\u00ednima: 14C no sudeste<\/p>\n<p>Regi\u00e3o Sudeste 30\/07\/2009: No litoral de SP e no litoral centro-sul do RJ: nublado com chuva a qualquer hora do dia. Na faixa leste de SP, extremo sudeste de MG e sudoeste do RJ: encoberto com chuva isolada a qualquer hora do dia. No centro-sudoeste de SP: nublado com chuva isolada a qualquer hora. No nordeste de MG: sol com varia\u00e7\u00e3o de nuvens. Nas demais \u00e1reas da Regi\u00e3o: sol entre poucas nuvens. As temperaturas m\u00e1ximas estar\u00e3o amenas no leste da Regi\u00e3o. Temperatura m\u00e1xima 32C no Tri\u00e2ngulo Mineiro. Temperatura m\u00ednima 09C na Regi\u00e3o de Te\u00f3filo Otoni.<\/p>\n<p>Regi\u00e3o Sul 30\/07\/2009: No RS: predom\u00ednio de sol. No leste de SC, no norte e leste do PR: nublado com chuva isolada a qualquer hora do dia. Nas demais \u00e1reas da Regi\u00e3o: sol entre poucas nuvens. Possibilidade de geada em pontos isolados no RS. As temperaturas continuar\u00e3o baixas no RS. Temperatura m\u00e1xima: 21C no oeste do PR. Temperatura m\u00ednima: -02C no leste do RS e na Serra Geral.<\/p>\n<p>Atualizado 29\/07\/2009 &#8211; 11h39<\/p>\n<p>\u00a0<\/p>\n<p><a href=\"http:\/\/tempo1.cptec.inpe.br\/\" target=\"_blank\">Previs\u00e3o de tempo CPTEC\/INPE<\/a><\/p>\n","protected":false},"excerpt":{"rendered":"<p>Regi\u00e3o Centro-Oeste 30\/07\/2009: No centro-sul de MS: nublado com chuva isolada a qualquer hora do dia. Nas demais \u00e1reas da Regi\u00e3o: sol entre poucas nuvens. A umidade relativa do ar continuar\u00e1 baixa no centro-norte de GO e no norte e leste de MT. As temperaturas estar\u00e3o est\u00e1veis. Temperatura m\u00e1xima: 37C no noroeste de MT. Temperatura [&hellip;]<\/p>\n","protected":false},"author":3,"featured_media":0,"comment_status":"open","ping_status":"open","sticky":false,"template":"","format":"standard","meta":{"tdm_status":"","tdm_grid_status":"","footnotes":""},"categories":[22,327],"tags":[],"class_list":{"0":"post-6825","1":"post","2":"type-post","3":"status-publish","4":"format-standard","6":"category-brasil","7":"category-clima"},"_links":{"self":[{"href":"https:\/\/migracao.redenoticia.com.br\/noticia\/wp-json\/wp\/v2\/posts\/6825","targetHints":{"allow":["GET"]}}],"collection":[{"href":"https:\/\/migracao.redenoticia.com.br\/noticia\/wp-json\/wp\/v2\/posts"}],"about":[{"href":"https:\/\/migracao.redenoticia.com.br\/noticia\/wp-json\/wp\/v2\/types\/post"}],"author":[{"embeddable":true,"href":"https:\/\/migracao.redenoticia.com.br\/noticia\/wp-json\/wp\/v2\/users\/3"}],"replies":[{"embeddable":true,"href":"https:\/\/migracao.redenoticia.com.br\/noticia\/wp-json\/wp\/v2\/comments?post=6825"}],"version-history":[{"count":0,"href":"https:\/\/migracao.redenoticia.com.br\/noticia\/wp-json\/wp\/v2\/posts\/6825\/revisions"}],"wp:attachment":[{"href":"https:\/\/migracao.redenoticia.com.br\/noticia\/wp-json\/wp\/v2\/media?parent=6825"}],"wp:term":[{"taxonomy":"category","embeddable":true,"href":"https:\/\/migracao.redenoticia.com.br\/noticia\/wp-json\/wp\/v2\/categories?post=6825"},{"taxonomy":"post_tag","embeddable":true,"href":"https:\/\/migracao.redenoticia.com.br\/noticia\/wp-json\/wp\/v2\/tags?post=6825"}],"curies":[{"name":"wp","href":"https:\/\/api.w.org\/{rel}","templated":true}]}}