{"id":6828,"date":"2009-07-29T13:28:05","date_gmt":"2009-07-29T17:28:05","guid":{"rendered":"http:\/\/www.redenoticia.com.br\/noticia\/?p=6828"},"modified":"2009-07-29T13:29:03","modified_gmt":"2009-07-29T17:29:03","slug":"previsao-de-tempo-regioes-3107","status":"publish","type":"post","link":"https:\/\/migracao.redenoticia.com.br\/noticia\/2009\/previsao-de-tempo-regioes-3107\/6828","title":{"rendered":"Previs\u00e3o de tempo Regi\u00f5es 31\/07"},"content":{"rendered":"<p><a href=\"https:\/\/migracao.redenoticia.com.br\/noticia\/imagens\/\/regi\u00f5es3.jpg\"><img loading=\"lazy\" decoding=\"async\" class=\"alignleft size-full wp-image-6829\" title=\"regi\u00f5es3\" src=\"https:\/\/migracao.redenoticia.com.br\/noticia\/imagens\/\/regi\u00f5es3.jpg\" alt=\"regi\u00f5es3\" width=\"150\" height=\"113\" \/><\/a>Regi\u00e3o Centro-Oeste 31\/07\/2009: No sul de MS nublado com pancadas de chuva a qualquer hora do dia. Nas demais \u00e1reas da Regi\u00e3o: sol entre poucas nuvens. A umidade relativa do ar continuar\u00e1 baixa no centro-norte de GO e de MT. As temperaturas seguir\u00e3o est\u00e1veis na Regi\u00e3o.<\/p>\n<p>Regi\u00e3o Nordeste 31\/07\/2009 Tend\u00eancia: No litoral centro-norte da BA, no litoral de SE, de AL e de PE: inst\u00e1vel com muitas nuvens e chuva a qualquer hora do dia. No leste da Regi\u00e3o: sol entre muitas nuvens. Na faixa centro-leste da Regi\u00e3o: sol com varia\u00e7\u00e3o de nuvens. No oeste do MA: sol com varia\u00e7\u00e3o de nuvens e pancadas de chuva. Nas demais \u00e1reas da Regi\u00e3o: sol entre poucas nuvens. A umidade relativa do ar estar\u00e1 baixa no oeste da BA, no sul do PI e do MA. As temperaturas seguir\u00e3o est\u00e1veis. Nos pr\u00f3ximos dois dias haver\u00e1 chuva apenas no litoral leste da Regi\u00e3o.<\/p>\n<p>Regi\u00e3o Norte 31\/07\/2009 Tend\u00eancia: No centro-norte do AM, do PA, em RR e no AP: sol com varia\u00e7\u00e3o de nuvens e pancadas isoladas de chuva. Nas demais \u00e1reas da Regi\u00e3o: sol entre poucas nuvens. A umidade relativa do ar estar\u00e1 baixa no centro-sul do TO, sul do PA e no sudeste do AM. As temperaturas seguir\u00e3o est\u00e1veis. N\u00e3o haver\u00e1 grandes mudan\u00e7as no tempo para os pr\u00f3ximos dois dias na Regi\u00e3o.<\/p>\n<p>Regi\u00e3o Sudeste 31\/07\/2009: No litoral sul de SP: nublado com chuva a qualquer hora do dia. No sul de SP: nublado com pancadas de chuva a qualquer hora. Na faixa leste de SP: sol entre muitas nuvens. No oeste de MG: predom\u00ednio de sol com baixa umidade do ar. Nas demais \u00e1reas da Regi\u00e3o: sol entre poucas nuvens. As temperaturas estar\u00e3o est\u00e1veis.<\/p>\n<p>Regi\u00e3o Sul 31\/07\/2009: No centro-norte do PR: nublado com pancadas de chuva a qualquer hora do dia. Nas demais \u00e1reas do PR e em SC: nublado com chuva localmente forte. No norte do RS: sol entre muitas nuvens com uma pequena possibilidade de pancadas de chuva. No centro-sudoeste do RS: predom\u00ednio de sol. Nas demais \u00e1reas do RS: sol entre poucas nuvens. Possibilidade de geada no centro-sudoeste do RS. As temperaturas estar\u00e3o baixas no centro-sudoeste do RS.<\/p>\n<p>Atualizado 29\/07\/2009 &#8211; 11h39<\/p>\n<p>\u00a0<\/p>\n<p><a href=\"http:\/\/tempo1.cptec.inpe.br\/\" target=\"_blank\">Previs\u00e3o de tempo CPTEC\/INPE<\/a><\/p>\n","protected":false},"excerpt":{"rendered":"<p>Regi\u00e3o Centro-Oeste 31\/07\/2009: No sul de MS nublado com pancadas de chuva a qualquer hora do dia. Nas demais \u00e1reas da Regi\u00e3o: sol entre poucas nuvens. A umidade relativa do ar continuar\u00e1 baixa no centro-norte de GO e de MT. As temperaturas seguir\u00e3o est\u00e1veis na Regi\u00e3o. Regi\u00e3o Nordeste 31\/07\/2009 Tend\u00eancia: No litoral centro-norte da BA, [&hellip;]<\/p>\n","protected":false},"author":3,"featured_media":0,"comment_status":"open","ping_status":"open","sticky":false,"template":"","format":"standard","meta":{"tdm_status":"","tdm_grid_status":"","footnotes":""},"categories":[22,327],"tags":[],"class_list":{"0":"post-6828","1":"post","2":"type-post","3":"status-publish","4":"format-standard","6":"category-brasil","7":"category-clima"},"_links":{"self":[{"href":"https:\/\/migracao.redenoticia.com.br\/noticia\/wp-json\/wp\/v2\/posts\/6828","targetHints":{"allow":["GET"]}}],"collection":[{"href":"https:\/\/migracao.redenoticia.com.br\/noticia\/wp-json\/wp\/v2\/posts"}],"about":[{"href":"https:\/\/migracao.redenoticia.com.br\/noticia\/wp-json\/wp\/v2\/types\/post"}],"author":[{"embeddable":true,"href":"https:\/\/migracao.redenoticia.com.br\/noticia\/wp-json\/wp\/v2\/users\/3"}],"replies":[{"embeddable":true,"href":"https:\/\/migracao.redenoticia.com.br\/noticia\/wp-json\/wp\/v2\/comments?post=6828"}],"version-history":[{"count":0,"href":"https:\/\/migracao.redenoticia.com.br\/noticia\/wp-json\/wp\/v2\/posts\/6828\/revisions"}],"wp:attachment":[{"href":"https:\/\/migracao.redenoticia.com.br\/noticia\/wp-json\/wp\/v2\/media?parent=6828"}],"wp:term":[{"taxonomy":"category","embeddable":true,"href":"https:\/\/migracao.redenoticia.com.br\/noticia\/wp-json\/wp\/v2\/categories?post=6828"},{"taxonomy":"post_tag","embeddable":true,"href":"https:\/\/migracao.redenoticia.com.br\/noticia\/wp-json\/wp\/v2\/tags?post=6828"}],"curies":[{"name":"wp","href":"https:\/\/api.w.org\/{rel}","templated":true}]}}