{"id":6843,"date":"2009-07-29T14:02:31","date_gmt":"2009-07-29T18:02:31","guid":{"rendered":"http:\/\/www.redenoticia.com.br\/noticia\/?p=6843"},"modified":"2009-07-29T15:56:48","modified_gmt":"2009-07-29T19:56:48","slug":"esporte-em-alta-no-municipio-de-ji-parana","status":"publish","type":"post","link":"https:\/\/migracao.redenoticia.com.br\/noticia\/2009\/esporte-em-alta-no-municipio-de-ji-parana\/6843","title":{"rendered":"Esporte em alta no Munic\u00edpio de Ji-Paran\u00e1"},"content":{"rendered":"<p><span style=\"font-family: Arial;\">Aconteceu\u00a0hoje (30), na escola Municipal Celso Rocco, no bairro Habitar Brasil em Ji-Paran\u00e1, a abertura da final do torneio de voleibol das escolas rurais. Das 10 escolas, cinco foram classificadas nas eliminat\u00f3rias realizadas em tr\u00eas p\u00f3los. A abertura contou com a presen\u00e7a do Secret\u00e1rio Municipal de Educa\u00e7\u00e3o, Vanderlei Nunes, com o vice-prefeito, Jos\u00e9 Ot\u00f4nio Lima Silva e o Secret\u00e1rio de Esportes, Cleberson Jair Patr\u00edcio de Oliveira, o Biro-Biro.<\/span><\/p>\n<p><span style=\"font-size: 11.0pt; font-family: Arial;\">Ainda sobre esporte em Ji-Paran\u00e1, cerca de mil jovens, de todo o Estado de Rond\u00f4nia, estar\u00e3o disputando, no per\u00edodo de 14 a 22 de agosto, as finais dos Jogos Estudantis de Rond\u00f4nia (Joer), na categoria juvenil, faixa et\u00e1ria de 15 a 17 anos. A abertura do evento acontecer\u00e1 no Gin\u00e1sio Gerivaldo Jos\u00e9 de Souza (Gerivald\u00e3o), a partir das 20 horas do dia 22, com apresenta\u00e7\u00e3o da Quadrilha R\u00e1dio Farol, campe\u00e3 2009 do tradicional arraial da capital, o Flor do Maracuj\u00e1. Esses jovens s\u00e3o os camp\u00f5es e vice-campe\u00f5es das etapas regionais dos jogos estudantis.<\/span><\/p>\n<p><span style=\"font-size: 11.0pt; font-family: Arial;\">S\u00e3o muitas as categorias que ser\u00e3o disputadas, entre elas destacamos: futsal, ciclismo, handebol, basquete, v\u00f4lei de quadra e areia, nata\u00e7\u00e3o, t\u00eanis de mesa, xadrez, karat\u00ea e jud\u00f4. As disputas acontecer\u00e3o pela manh\u00e3 e a tarde em diversos locais do munic\u00edpio como no Est\u00e1dio Bianc\u00e3o, Gerivald\u00e3o, AABB, Gin\u00e1sio Ad\u00e3o Lamota, Clube Vera Cruz, biblioteca municipal e escolas municipais.<\/span><\/p>\n","protected":false},"excerpt":{"rendered":"<p>Aconteceu\u00a0hoje (30), na escola Municipal Celso Rocco, no bairro Habitar Brasil em Ji-Paran\u00e1, a abertura da final do torneio de voleibol das escolas rurais. Das 10 escolas, cinco foram classificadas nas eliminat\u00f3rias realizadas em tr\u00eas p\u00f3los. A abertura contou com a presen\u00e7a do Secret\u00e1rio Municipal de Educa\u00e7\u00e3o, Vanderlei Nunes, com o vice-prefeito, Jos\u00e9 Ot\u00f4nio Lima [&hellip;]<\/p>\n","protected":false},"author":3,"featured_media":0,"comment_status":"open","ping_status":"open","sticky":false,"template":"","format":"standard","meta":{"tdm_status":"","tdm_grid_status":"","footnotes":""},"categories":[22],"tags":[],"class_list":{"0":"post-6843","1":"post","2":"type-post","3":"status-publish","4":"format-standard","6":"category-brasil"},"_links":{"self":[{"href":"https:\/\/migracao.redenoticia.com.br\/noticia\/wp-json\/wp\/v2\/posts\/6843","targetHints":{"allow":["GET"]}}],"collection":[{"href":"https:\/\/migracao.redenoticia.com.br\/noticia\/wp-json\/wp\/v2\/posts"}],"about":[{"href":"https:\/\/migracao.redenoticia.com.br\/noticia\/wp-json\/wp\/v2\/types\/post"}],"author":[{"embeddable":true,"href":"https:\/\/migracao.redenoticia.com.br\/noticia\/wp-json\/wp\/v2\/users\/3"}],"replies":[{"embeddable":true,"href":"https:\/\/migracao.redenoticia.com.br\/noticia\/wp-json\/wp\/v2\/comments?post=6843"}],"version-history":[{"count":0,"href":"https:\/\/migracao.redenoticia.com.br\/noticia\/wp-json\/wp\/v2\/posts\/6843\/revisions"}],"wp:attachment":[{"href":"https:\/\/migracao.redenoticia.com.br\/noticia\/wp-json\/wp\/v2\/media?parent=6843"}],"wp:term":[{"taxonomy":"category","embeddable":true,"href":"https:\/\/migracao.redenoticia.com.br\/noticia\/wp-json\/wp\/v2\/categories?post=6843"},{"taxonomy":"post_tag","embeddable":true,"href":"https:\/\/migracao.redenoticia.com.br\/noticia\/wp-json\/wp\/v2\/tags?post=6843"}],"curies":[{"name":"wp","href":"https:\/\/api.w.org\/{rel}","templated":true}]}}