{"id":6845,"date":"2009-07-29T14:06:38","date_gmt":"2009-07-29T18:06:38","guid":{"rendered":"http:\/\/www.redenoticia.com.br\/noticia\/?p=6845"},"modified":"2009-07-29T15:56:33","modified_gmt":"2009-07-29T19:56:33","slug":"visita-da-semas-na-area-rural-de-ji-parana","status":"publish","type":"post","link":"https:\/\/migracao.redenoticia.com.br\/noticia\/2009\/visita-da-semas-na-area-rural-de-ji-parana\/6845","title":{"rendered":"Visita da Semas na \u00e1rea rural de Ji-Paran\u00e1"},"content":{"rendered":"<p>Servidores da Secret\u00e1ria Municipal de A\u00e7\u00e3o Social (SEMAS) de Ji-Paran\u00e1 est\u00e3o realizando visitas \u00e0s fam\u00edlias da zona rural que recebem o benef\u00edcio do Bolsa Fam\u00edlia, o que corresponde a cerca de 20% dos sete mil inscritos no programa. A fiscaliza\u00e7\u00e3o est\u00e1 sendo realizada com objetivo de identificar poss\u00edveis inscritos que j\u00e1 n\u00e3o possuam mais as condi\u00e7\u00f5es b\u00e1sicas para recebimento do benef\u00edcio. N\u00e3o h\u00e1 prazo determinado para conclus\u00e3o dos trabalhos.<\/p>\n<p>A Semas est\u00e1 acompanhando tamb\u00e9m \u00e9 o programa Minha Casa, Minha Vida em Ji-Paran\u00e1. A Secret\u00e1ria alerta as pessoas que realizaram suas inscri\u00e7\u00f5es na Caixa Econ\u00f4mica Federal para o programa do Governo Federal, \u201cMinha Casa, Minha Vida\u201d, faixa salarial de zero a tr\u00eas sal\u00e1rios m\u00ednimos, para que oficializem a inscri\u00e7\u00e3o no site da Prefeitura de Ji-Paran\u00e1, <a href=\"http:\/\/www.ji-parana.ro.gov.br\/\" target=\"_blank\">www.ji-parana.ro.gov.br<\/a>, ou em um dos pontos de apoio disponibilizados pela prefeitura municipal.<\/p>\n<p>S\u00e3o cinco pontos de apoio para auxiliar os interessados que n\u00e3o possuem acesso \u00e0\u00a0 internet: sede da Secretaria Municipal de A\u00e7\u00e3o Social (Semas), durante todo o hor\u00e1rio comercial; no pr\u00e9dio do anexo I da prefeitura, pr\u00f3ximo ao trevo da Vila Jot\u00e3o, das 14 \u00e0s 18 horas; na sede do projeto Sonho Meu, tamb\u00e9m em per\u00edodo comercial, que fica localizada \u00e0 rua Miguel Lu\u00eds dos Santos, 1735, no Jardim das Seringueiras; no Shopping Cidad\u00e3o, no per\u00edodo comercial, e no projeto Roda Moinho, das 14 \u00e0s 18 horas, localizado \u00e0 Rua Cambe, esquina com T-20, no bairro JK.<\/p>\n","protected":false},"excerpt":{"rendered":"<p>Servidores da Secret\u00e1ria Municipal de A\u00e7\u00e3o Social (SEMAS) de Ji-Paran\u00e1 est\u00e3o realizando visitas \u00e0s fam\u00edlias da zona rural que recebem o benef\u00edcio do Bolsa Fam\u00edlia, o que corresponde a cerca de 20% dos sete mil inscritos no programa. A fiscaliza\u00e7\u00e3o est\u00e1 sendo realizada com objetivo de identificar poss\u00edveis inscritos que j\u00e1 n\u00e3o possuam mais as [&hellip;]<\/p>\n","protected":false},"author":3,"featured_media":0,"comment_status":"open","ping_status":"open","sticky":false,"template":"","format":"standard","meta":{"tdm_status":"","tdm_grid_status":"","footnotes":""},"categories":[22],"tags":[],"class_list":{"0":"post-6845","1":"post","2":"type-post","3":"status-publish","4":"format-standard","6":"category-brasil"},"_links":{"self":[{"href":"https:\/\/migracao.redenoticia.com.br\/noticia\/wp-json\/wp\/v2\/posts\/6845","targetHints":{"allow":["GET"]}}],"collection":[{"href":"https:\/\/migracao.redenoticia.com.br\/noticia\/wp-json\/wp\/v2\/posts"}],"about":[{"href":"https:\/\/migracao.redenoticia.com.br\/noticia\/wp-json\/wp\/v2\/types\/post"}],"author":[{"embeddable":true,"href":"https:\/\/migracao.redenoticia.com.br\/noticia\/wp-json\/wp\/v2\/users\/3"}],"replies":[{"embeddable":true,"href":"https:\/\/migracao.redenoticia.com.br\/noticia\/wp-json\/wp\/v2\/comments?post=6845"}],"version-history":[{"count":0,"href":"https:\/\/migracao.redenoticia.com.br\/noticia\/wp-json\/wp\/v2\/posts\/6845\/revisions"}],"wp:attachment":[{"href":"https:\/\/migracao.redenoticia.com.br\/noticia\/wp-json\/wp\/v2\/media?parent=6845"}],"wp:term":[{"taxonomy":"category","embeddable":true,"href":"https:\/\/migracao.redenoticia.com.br\/noticia\/wp-json\/wp\/v2\/categories?post=6845"},{"taxonomy":"post_tag","embeddable":true,"href":"https:\/\/migracao.redenoticia.com.br\/noticia\/wp-json\/wp\/v2\/tags?post=6845"}],"curies":[{"name":"wp","href":"https:\/\/api.w.org\/{rel}","templated":true}]}}