{"id":6848,"date":"2009-07-29T14:12:41","date_gmt":"2009-07-29T18:12:41","guid":{"rendered":"http:\/\/www.redenoticia.com.br\/noticia\/?p=6848"},"modified":"2009-07-29T15:57:02","modified_gmt":"2009-07-29T19:57:02","slug":"secretaria-de-saude-de-ji-parana-faz-balanco-das-acoes-em-2009","status":"publish","type":"post","link":"https:\/\/migracao.redenoticia.com.br\/noticia\/2009\/secretaria-de-saude-de-ji-parana-faz-balanco-das-acoes-em-2009\/6848","title":{"rendered":"Secretaria de Sa\u00fade de Ji-Paran\u00e1 faz balan\u00e7o das a\u00e7\u00f5es em 2009"},"content":{"rendered":"<p><strong><br \/>\n<\/strong><span style=\"font-size: 11.0pt; font-family: Arial;\">\u00a0<\/span><\/p>\n<p><span style=\"font-size: 11.0pt; font-family: Arial;\">Com objetivo de avaliar todas as a\u00e7\u00f5es relativas ao setor da Sa\u00fade em Ji-Paran\u00e1 durante o m\u00eas de Julho e em 2009, acontece hoje (30), no audit\u00f3rio do Hospital Municipal, uma reuni\u00e3o com o Secret\u00e1rio de Sa\u00fade, Jos\u00e9 Batista da Silva, e todos os chefes de \u00f3rg\u00e3os ligados \u00e0 secretaria. O evento acontecer\u00e1 durante todo o dia e na ocasi\u00e3o ser\u00e3o determinadas as metas de trabalho para o pr\u00f3ximo m\u00eas. Esses encontros s\u00e3o realizados sempre na \u00faltima quinta-feira de cada m\u00eas.<\/span><\/p>\n<p><span style=\"font-size: 11.0pt; font-family: Arial;\">A Semusa tem trabalhado para que at\u00e9 2010 Ji-Paran\u00e1 receba do Governo Federal duas unidades equipadas para prestar socorro em toda a regi\u00e3o atendida pelo Hospital Municipal.<\/span><\/p>\n<p><span style=\"font-size: 11.0pt; font-family: Arial;\">O Servi\u00e7o de Atendimento M\u00f3vel de Urg\u00eancia (SAMU) \u00e9 um programa do Minist\u00e9rio da Sa\u00fade que tem como finalidade prestar o socorro \u00e0 popula\u00e7\u00e3o em casos de emerg\u00eancia.<\/span><\/p>\n<p><span style=\"font-size: 11.0pt; font-family: Arial;\">Em Rond\u00f4nia, Porto Velho j\u00e1 \u00e9 atendida por este servi\u00e7o. Entre as outras capitais brasileiras, o SAMU est\u00e1 presente em Aracaju, Bel\u00e9m, Belo Horizonte, Bras\u00edlia, Campo Grande, Cuiab\u00e1, Curitiba, Florian\u00f3polis, Fortaleza, Goi\u00e2nia, Jo\u00e3o Pessoa, Macei\u00f3, Manaus, Macap\u00e1, Natal, Palmas, Porto Alegre, Recife, Rio Branco, Rio de Janeiro, Salvador, S\u00e3o Lu\u00eds, S\u00e3o Paulo, Teresina e Vit\u00f3ria.<\/span><\/p>\n<p><span style=\"font-size: 11.0pt; font-family: Arial;\">O SAMU poder\u00e1 ser acionado atrav\u00e9s do telefone 192 (liga\u00e7\u00e3o gratuita):<\/span><\/p>\n<p><span style=\"font-size: 11.0pt; font-family: Arial;\">* Na ocorr\u00eancia de problemas cardio-respirat\u00f3rios<br \/>\n* Em casos de Intoxica\u00e7\u00e3o ex\u00f3gena<br \/>\n* Em caso de queimaduras graves<br \/>\n* Na ocorr\u00eancia de maus tratos<br \/>\n* Em trabalhos de parto onde haja risco de morte da m\u00e3e ou do feto<br \/>\n* Em casos de tentativas de suic\u00eddio<br \/>\n* Em crises hipertensivas<br \/>\n* Quando houver acidentes\/trauma com v\u00edtimas<br \/>\n* Em casos de afogamentos<br \/>\n* Em casos de choque el\u00e9trico<br \/>\n* Em acidentes com produtos perigosos<br \/>\n* Na transfer\u00eancia inter-hospitalar de doentes com risco de morte<\/span><\/p>\n<p><span style=\"font-size: 11.0pt; font-family: Arial;\">Atualmente, a rede nacional SAMU conta com 146 Servi\u00e7os de Atendimento M\u00f3vel de Urg\u00eancia no Brasil. Ao todo, 1.269 munic\u00edpios s\u00e3o atendidos pelo SAMU.<\/span><\/p>\n<p><span style=\"font-size: 11.0pt; font-family: Arial;\">O governo federal entrar\u00e1 com uma contrapartida mensal a munic\u00edpios e estados com projetos aprovados de SAMU, bancando 50% do custeio mensal desses servi\u00e7os.<\/span><\/p>\n<p><span style=\"font-size: 11.0pt; font-family: Arial;\">Al\u00e9m do SAMU, Ji-Paran\u00e1 contar\u00e1 com duas Unidades de Pronto Atendimento (UPA 24h), as quais ser\u00e3o instaladas nos dois distritos do munic\u00edpio.<\/span><\/p>\n<p><span style=\"font-size: 11.0pt; font-family: Arial;\">UPA s\u00e3o estruturas de complexidade intermedi\u00e1ria entre as Unidades B\u00e1sicas de Sa\u00fade e as portas de urg\u00eancia hospitalares, onde em conjunto com estas comp\u00f5e uma rede organizada de Aten\u00e7\u00e3o \u00e0s Urg\u00eancias<\/span><\/p>\n","protected":false},"excerpt":{"rendered":"<p>\u00a0 Com objetivo de avaliar todas as a\u00e7\u00f5es relativas ao setor da Sa\u00fade em Ji-Paran\u00e1 durante o m\u00eas de Julho e em 2009, acontece hoje (30), no audit\u00f3rio do Hospital Municipal, uma reuni\u00e3o com o Secret\u00e1rio de Sa\u00fade, Jos\u00e9 Batista da Silva, e todos os chefes de \u00f3rg\u00e3os ligados \u00e0 secretaria. O evento acontecer\u00e1 durante [&hellip;]<\/p>\n","protected":false},"author":3,"featured_media":0,"comment_status":"open","ping_status":"open","sticky":false,"template":"","format":"standard","meta":{"tdm_status":"","tdm_grid_status":"","footnotes":""},"categories":[22],"tags":[],"class_list":{"0":"post-6848","1":"post","2":"type-post","3":"status-publish","4":"format-standard","6":"category-brasil"},"_links":{"self":[{"href":"https:\/\/migracao.redenoticia.com.br\/noticia\/wp-json\/wp\/v2\/posts\/6848","targetHints":{"allow":["GET"]}}],"collection":[{"href":"https:\/\/migracao.redenoticia.com.br\/noticia\/wp-json\/wp\/v2\/posts"}],"about":[{"href":"https:\/\/migracao.redenoticia.com.br\/noticia\/wp-json\/wp\/v2\/types\/post"}],"author":[{"embeddable":true,"href":"https:\/\/migracao.redenoticia.com.br\/noticia\/wp-json\/wp\/v2\/users\/3"}],"replies":[{"embeddable":true,"href":"https:\/\/migracao.redenoticia.com.br\/noticia\/wp-json\/wp\/v2\/comments?post=6848"}],"version-history":[{"count":0,"href":"https:\/\/migracao.redenoticia.com.br\/noticia\/wp-json\/wp\/v2\/posts\/6848\/revisions"}],"wp:attachment":[{"href":"https:\/\/migracao.redenoticia.com.br\/noticia\/wp-json\/wp\/v2\/media?parent=6848"}],"wp:term":[{"taxonomy":"category","embeddable":true,"href":"https:\/\/migracao.redenoticia.com.br\/noticia\/wp-json\/wp\/v2\/categories?post=6848"},{"taxonomy":"post_tag","embeddable":true,"href":"https:\/\/migracao.redenoticia.com.br\/noticia\/wp-json\/wp\/v2\/tags?post=6848"}],"curies":[{"name":"wp","href":"https:\/\/api.w.org\/{rel}","templated":true}]}}