{"id":6851,"date":"2009-07-29T14:47:49","date_gmt":"2009-07-29T18:47:49","guid":{"rendered":"http:\/\/www.redenoticia.com.br\/noticia\/?p=6851"},"modified":"2009-07-29T14:47:49","modified_gmt":"2009-07-29T18:47:49","slug":"climatempo-informa-qua-a-bahia-registra-temperatura-abaixo-de-10%c2%b0c","status":"publish","type":"post","link":"https:\/\/migracao.redenoticia.com.br\/noticia\/2009\/climatempo-informa-qua-a-bahia-registra-temperatura-abaixo-de-10%c2%b0c\/6851","title":{"rendered":"Climatempo informa qua a Bahia registra temperatura abaixo de 10\u00b0C"},"content":{"rendered":"<p>Climatempo &#8211; De acordo com o Instituto Nacional de Meteorologia, a temperatura m\u00ednima na Bahia nesta ter\u00e7a-feira em Itaberaba, foi de 9,4\u00baC. Em Vit\u00f3ria da Conquista, a m\u00ednima foi de 9,7\u00baC. As duas cidades ficam no interior da Bahia. Em Irec\u00ea, os term\u00f4metros baixaram para 11,4\u00baC. Valores t\u00e3o baixos assim j\u00e1 ocorreram outras vezes no interior baiano, mas n\u00e3o s\u00e3o provocados pela presen\u00e7a do ar polar.\u00a0<\/p>\n<p>A meteorologista da Climatempo Jos\u00e9lia Pegorim explica que a queda acentuada da temperatura \u00e9 consequ\u00eancia do ar muito seco, que inibe a forma\u00e7\u00e3o de nuvens. Com a falta de nuvens \u00e0 noite, o ar se resfria mais rapidamente fazendo com que as temperaturas fiquem baixas ao amanhecer. &#8220;Como o c\u00e9u continua quase sem nuvens tamb\u00e9m durante o dia, o sol forte faz com que a temperatura se eleve muito no per\u00edodo da tarde. O resultado \u00e9 uma grande diferen\u00e7a de temperaturas no mesmo dia: a sensa\u00e7\u00e3o de frio ao amanhecer e de calor \u00e0 tarde&#8221;, explica.<\/p>\n<p>Esta situa\u00e7\u00e3o acontece tamb\u00e9m em outras \u00e1reas do Nordeste e em locais muito secos. Amanh\u00e3, o ar seco predomina sobre a Bahia e o tempo segue firme sem previs\u00e3o de chuva, inclusive na capital. Na sexta-feira, \u00e1reas de instabilidade que vem do mar provocam aumento de nuvens e chuva passageira pela manh\u00e3 e fim de tarde em Salvador. As demais \u00e1reas baianas seguem com o tempo firme sem previs\u00e3o de chuva.<\/p>\n<p>Sobre o Grupo Climatempo<\/p>\n<p>O Grupo Climatempo \u00e9 a maior empresa privada de meteorologia do pa\u00eds. Uma holding formada pela Climatempo Consultoria, Ag\u00eancia Climatempo, a TV Climatempo e a CLIMANET (Internet, servi\u00e7os de tecnologia e inform\u00e1tica). Atualmente, o Grupo Climatempo fornece conte\u00fado para os principais portais do pa\u00eds, mais de 50 retransmissoras de televis\u00e3o do Brasil, r\u00e1dios e tem cerca de mil clientes. Os dois principais segmentos atendidos s\u00e3o o de agroneg\u00f3cios e meios de comunica\u00e7\u00e3o. Al\u00e9m destes, fornece conte\u00fado meteorol\u00f3gico estrat\u00e9gico para produtoras, a ind\u00fastria eletroeletr\u00f4nica e t\u00eaxtil, com\u00e9rcio, moda e turismo, constru\u00e7\u00e3o civil, setor de energia, entre outros setores.<\/p>\n","protected":false},"excerpt":{"rendered":"<p>Climatempo &#8211; De acordo com o Instituto Nacional de Meteorologia, a temperatura m\u00ednima na Bahia nesta ter\u00e7a-feira em Itaberaba, foi de 9,4\u00baC. Em Vit\u00f3ria da Conquista, a m\u00ednima foi de 9,7\u00baC. As duas cidades ficam no interior da Bahia. Em Irec\u00ea, os term\u00f4metros baixaram para 11,4\u00baC. Valores t\u00e3o baixos assim j\u00e1 ocorreram outras vezes no [&hellip;]<\/p>\n","protected":false},"author":3,"featured_media":0,"comment_status":"open","ping_status":"open","sticky":false,"template":"","format":"standard","meta":{"tdm_status":"","tdm_grid_status":"","footnotes":""},"categories":[22,327],"tags":[],"class_list":{"0":"post-6851","1":"post","2":"type-post","3":"status-publish","4":"format-standard","6":"category-brasil","7":"category-clima"},"_links":{"self":[{"href":"https:\/\/migracao.redenoticia.com.br\/noticia\/wp-json\/wp\/v2\/posts\/6851","targetHints":{"allow":["GET"]}}],"collection":[{"href":"https:\/\/migracao.redenoticia.com.br\/noticia\/wp-json\/wp\/v2\/posts"}],"about":[{"href":"https:\/\/migracao.redenoticia.com.br\/noticia\/wp-json\/wp\/v2\/types\/post"}],"author":[{"embeddable":true,"href":"https:\/\/migracao.redenoticia.com.br\/noticia\/wp-json\/wp\/v2\/users\/3"}],"replies":[{"embeddable":true,"href":"https:\/\/migracao.redenoticia.com.br\/noticia\/wp-json\/wp\/v2\/comments?post=6851"}],"version-history":[{"count":0,"href":"https:\/\/migracao.redenoticia.com.br\/noticia\/wp-json\/wp\/v2\/posts\/6851\/revisions"}],"wp:attachment":[{"href":"https:\/\/migracao.redenoticia.com.br\/noticia\/wp-json\/wp\/v2\/media?parent=6851"}],"wp:term":[{"taxonomy":"category","embeddable":true,"href":"https:\/\/migracao.redenoticia.com.br\/noticia\/wp-json\/wp\/v2\/categories?post=6851"},{"taxonomy":"post_tag","embeddable":true,"href":"https:\/\/migracao.redenoticia.com.br\/noticia\/wp-json\/wp\/v2\/tags?post=6851"}],"curies":[{"name":"wp","href":"https:\/\/api.w.org\/{rel}","templated":true}]}}