{"id":6853,"date":"2009-07-29T14:50:45","date_gmt":"2009-07-29T18:50:45","guid":{"rendered":"http:\/\/www.redenoticia.com.br\/noticia\/?p=6853"},"modified":"2009-07-29T14:50:45","modified_gmt":"2009-07-29T18:50:45","slug":"nova-frente-fria-reforca-as-areas-de-instabilidade-alerta-climatempo","status":"publish","type":"post","link":"https:\/\/migracao.redenoticia.com.br\/noticia\/2009\/nova-frente-fria-reforca-as-areas-de-instabilidade-alerta-climatempo\/6853","title":{"rendered":"Nova frente fria refor\u00e7a as \u00e1reas de instabilidade, alerta climatempo"},"content":{"rendered":"<p>Chuva n\u00e3o para em S\u00e3o Paulo e mar sobe no litoral. \u00c1reas de instabilidade associadas \u00e0 passagem de uma frente fria deixam o tempo inst\u00e1vel sobre a Grande S\u00e3o Paulo e a Baixada Santista, alerta a Climatempo. Nesta madrugada, a cidade de S\u00e3o Paulo registrou chuva forte e queda de granizo. O ar est\u00e1 bastante \u00famido e a temperatura m\u00e1xima prevista hoje na capital e na Baixada Santista n\u00e3o passa dos 21\u00b0C.<br \/>\nSegundo os meteorologistas da Climatempo, a chuva n\u00e3o vai dar tr\u00e9gua aos paulistanos. Amanh\u00e3, os ventos \u00famidos que sopram do mar associado \u00e0 passagem da frente fria refor\u00e7am as \u00e1reas de instabilidade sobre a regi\u00e3o. H\u00e1 previs\u00e3o \u00e9 de chuva fraca na capital e no litoral. At\u00e9 a noite, a agita\u00e7\u00e3o mar\u00edtima aumenta ainda mais. Na quinta e na sexta-feira, a altura das ondas alcan\u00e7a os dois metros no litoral paulista e fluminense.<\/p>\n<p>Sobre o Grupo Climatempo<\/p>\n<p>O Grupo Climatempo \u00e9 a maior empresa privada de meteorologia do pa\u00eds. Uma holding formada pela Climatempo Consultoria, Ag\u00eancia Climatempo, a TV Climatempo e a CLIMANET (Internet, servi\u00e7os de tecnologia e inform\u00e1tica). Atualmente, o Grupo Climatempo fornece conte\u00fado para os principais portais do pa\u00eds, mais de 50 retransmissoras de televis\u00e3o do Brasil, r\u00e1dios e tem cerca de mil clientes. Os dois principais segmentos atendidos s\u00e3o o de agroneg\u00f3cios e meios de comunica\u00e7\u00e3o. Al\u00e9m destes, fornece conte\u00fado meteorol\u00f3gico estrat\u00e9gico para produtoras, a ind\u00fastria eletroeletr\u00f4nica e t\u00eaxtil, com\u00e9rcio, moda e turismo, constru\u00e7\u00e3o civil, setor de energia, entre outros setores.<\/p>\n","protected":false},"excerpt":{"rendered":"<p>Chuva n\u00e3o para em S\u00e3o Paulo e mar sobe no litoral. \u00c1reas de instabilidade associadas \u00e0 passagem de uma frente fria deixam o tempo inst\u00e1vel sobre a Grande S\u00e3o Paulo e a Baixada Santista, alerta a Climatempo. Nesta madrugada, a cidade de S\u00e3o Paulo registrou chuva forte e queda de granizo. O ar est\u00e1 bastante [&hellip;]<\/p>\n","protected":false},"author":3,"featured_media":0,"comment_status":"open","ping_status":"open","sticky":false,"template":"","format":"standard","meta":{"tdm_status":"","tdm_grid_status":"","footnotes":""},"categories":[22,327],"tags":[],"class_list":{"0":"post-6853","1":"post","2":"type-post","3":"status-publish","4":"format-standard","6":"category-brasil","7":"category-clima"},"_links":{"self":[{"href":"https:\/\/migracao.redenoticia.com.br\/noticia\/wp-json\/wp\/v2\/posts\/6853","targetHints":{"allow":["GET"]}}],"collection":[{"href":"https:\/\/migracao.redenoticia.com.br\/noticia\/wp-json\/wp\/v2\/posts"}],"about":[{"href":"https:\/\/migracao.redenoticia.com.br\/noticia\/wp-json\/wp\/v2\/types\/post"}],"author":[{"embeddable":true,"href":"https:\/\/migracao.redenoticia.com.br\/noticia\/wp-json\/wp\/v2\/users\/3"}],"replies":[{"embeddable":true,"href":"https:\/\/migracao.redenoticia.com.br\/noticia\/wp-json\/wp\/v2\/comments?post=6853"}],"version-history":[{"count":0,"href":"https:\/\/migracao.redenoticia.com.br\/noticia\/wp-json\/wp\/v2\/posts\/6853\/revisions"}],"wp:attachment":[{"href":"https:\/\/migracao.redenoticia.com.br\/noticia\/wp-json\/wp\/v2\/media?parent=6853"}],"wp:term":[{"taxonomy":"category","embeddable":true,"href":"https:\/\/migracao.redenoticia.com.br\/noticia\/wp-json\/wp\/v2\/categories?post=6853"},{"taxonomy":"post_tag","embeddable":true,"href":"https:\/\/migracao.redenoticia.com.br\/noticia\/wp-json\/wp\/v2\/tags?post=6853"}],"curies":[{"name":"wp","href":"https:\/\/api.w.org\/{rel}","templated":true}]}}